{"id":38301,"date":"2019-06-02T13:32:00","date_gmt":"2019-06-02T17:32:00","guid":{"rendered":"https:\/\/linitiative.ca\/International\/tlemcen-le-presume-assassin-de-lenseignante-ecroue\/"},"modified":"2019-06-02T13:32:00","modified_gmt":"2019-06-02T17:32:00","slug":"tlemcen-le-presume-assassin-de-lenseignante-ecroue","status":"publish","type":"post","link":"https:\/\/linitiative.ca\/International\/tlemcen-le-presume-assassin-de-lenseignante-ecroue\/","title":{"rendered":"TLEMCEN : Le pr\u00e9sum\u00e9 assassin de l\u2019enseignante, \u00e9crou\u00e9"},"content":{"rendered":"<p><br id=\"sep_para_1\" class=\"sep_para access\"\/><\/p>\n<div id=\"para_1\" class=\"para_31423354 resize\">\n<div class=\"texte access firstletter\">Selon une source \u00e9manant de la police judiciaire de la suret\u00e9 de da\u00efra de B\u00e9ni Sous, le pr\u00e9sum\u00e9 assassin de l\u2019enseignante de l\u2019\u00e9cole de lutte contre l\u2019analphab\u00e9tisme,\u00a0 \u00e2g\u00e9e de 42 ans r\u00e9sidante \u00e0 Ouled Moussa, retrouv\u00e9e\u00a0 \u00e9gorg\u00e9e au courant de la semaine derni\u00e8re, vient d\u2019\u00eatre arr\u00eat\u00e9. L\u2019inculp\u00e9, un jeune ch\u00f4meur\u00a0 \u00e2g\u00e9 de 22 ans\u00a0 a tout avou\u00e9 devant le tribunal de Sebdou. Les \u00e9l\u00e9ments de la police scientifique ont, lors de la perquisition de son domicile, d\u00e9couvert des v\u00eatements tach\u00e9s de sang, un t\u00e9l\u00e9phone portable et une somme d\u2019argent de 4000 dinars appartenant\u00a0 \u00e0 la d\u00e9funte enseignante.\u00a0\u00a0<\/div>\n<\/div>\n<p>Auteur: H. Bouna<br \/>\n<a href=\"https:\/\/www.reflexiondz.net\/TLEMCEN-Le-presume-assassin-de-l-enseignante-ecroue_a56068.html\">Cliquez ici pour lire l&rsquo;article depuis sa source.<\/a><\/p>\n","protected":false},"excerpt":{"rendered":"<p>Selon une source \u00e9manant de la police judiciaire de la suret\u00e9 de da\u00efra de B\u00e9ni Sous, le pr\u00e9sum\u00e9 assassin de l\u2019enseignante de l\u2019\u00e9cole de lutte contre l\u2019analphab\u00e9tisme,\u00a0 \u00e2g\u00e9e de 42 ans r\u00e9sidante \u00e0 Ouled Moussa, retrouv\u00e9e\u00a0 \u00e9gorg\u00e9e au courant de la semaine derni\u00e8re, vient d\u2019\u00eatre arr\u00eat\u00e9. L\u2019inculp\u00e9, un jeune ch\u00f4meur\u00a0 \u00e2g\u00e9 de 22 ans\u00a0 a [&hellip;]<\/p>\n","protected":false},"author":1740,"featured_media":0,"comment_status":"closed","ping_status":"closed","sticky":false,"template":"","format":"standard","meta":{"fifu_image_url":"","fifu_image_alt":"","footnotes":""},"categories":[53,76],"tags":[],"class_list":["post-38301","post","type-post","status-publish","format-standard","hentry","category-algerie","category-regions"],"_links":{"self":[{"href":"https:\/\/linitiative.ca\/International\/wp-json\/wp\/v2\/posts\/38301","targetHints":{"allow":["GET"]}}],"collection":[{"href":"https:\/\/linitiative.ca\/International\/wp-json\/wp\/v2\/posts"}],"about":[{"href":"https:\/\/linitiative.ca\/International\/wp-json\/wp\/v2\/types\/post"}],"author":[{"embeddable":true,"href":"https:\/\/linitiative.ca\/International\/wp-json\/wp\/v2\/users\/1740"}],"replies":[{"embeddable":true,"href":"https:\/\/linitiative.ca\/International\/wp-json\/wp\/v2\/comments?post=38301"}],"version-history":[{"count":0,"href":"https:\/\/linitiative.ca\/International\/wp-json\/wp\/v2\/posts\/38301\/revisions"}],"wp:attachment":[{"href":"https:\/\/linitiative.ca\/International\/wp-json\/wp\/v2\/media?parent=38301"}],"wp:term":[{"taxonomy":"category","embeddable":true,"href":"https:\/\/linitiative.ca\/International\/wp-json\/wp\/v2\/categories?post=38301"},{"taxonomy":"post_tag","embeddable":true,"href":"https:\/\/linitiative.ca\/International\/wp-json\/wp\/v2\/tags?post=38301"}],"curies":[{"name":"wp","href":"https:\/\/api.w.org\/{rel}","templated":true}]}}