{"id":38302,"date":"2019-06-02T13:32:00","date_gmt":"2019-06-02T17:32:00","guid":{"rendered":"https:\/\/linitiative.ca\/International\/mascara-la-ville-croule-sous-les-ordures\/"},"modified":"2019-06-02T13:32:00","modified_gmt":"2019-06-02T17:32:00","slug":"mascara-la-ville-croule-sous-les-ordures","status":"publish","type":"post","link":"https:\/\/linitiative.ca\/International\/mascara-la-ville-croule-sous-les-ordures\/","title":{"rendered":"MASCARA : La ville croule sous les ordures"},"content":{"rendered":"<p><br id=\"sep_para_1\" class=\"sep_para access\"\/><\/p>\n<div id=\"para_1\" class=\"para_31423347 resize\">\n<div class=\"texte access firstletter\">Malgr\u00e9 toutes les d\u00e9cisions prises et \u00e0 tous les niveaux, la ville de Mascara croule sous les ordures m\u00e9nag\u00e8res, avant, on a pos\u00e9 le probl\u00e8me des ouvriers qui n\u2019ont pas encaiss\u00e9 leurs salaires, et qui ont multipli\u00e9s les gr\u00e8ves chose qui est l\u00e9gitime,\u00a0 ensuite, il \u00e9tait question du Directeur qui n\u2019\u00e9tait pas \u00e0 la hauteur de la tache qui lui est confi\u00e9, un autre Directeur est recrut\u00e9, la situation financi\u00e8re de l\u2019EPIC a \u00e9t\u00e9 am\u00e9lior\u00e9e apr\u00e8s que ces caisses furent renflou\u00e9es de plus de 85 milliards de cts, mais la situation empire encore, il n\u2019y a pas une rue o\u00f9 l\u2019on ne trouve pas un tas d\u2019ordures. Alors, pourquoi ne pas essayer d\u2019imposer une taxe \u00e0 chaque citoyen qui fait sortir ses ordures et une surtaxe pour ceux qui ne respectent pas l\u2019horaire ou ne jettent pas les ordures dans les bacs ? Le citoyen doit s\u2019impliquer pour aider les structures de l\u2019Etat a donn\u00e9 un meilleur aspect \u00e0 l\u2019environnement. On sait que la gestion des d\u00e9chets est une branche de la rudologie appliqu\u00e9e, elle regroupe la collecte, le transport et le traitement de ces d\u00e9chets, cette gestion vise \u00e0 r\u00e9duire leurs effets sur la sant\u00e9 humaine et environnementale et le cadre de vie. Dans l\u2019\u00e9tat o\u00f9 elle se trouve, la ville risque d\u2019\u00eatre victime cette saison de toutes les maladies avec la prolif\u00e9ration des mouches et des moustiques \u00e0 travers l\u2019ensemble des quartiers, d\u2019ailleurs aucun traitement de d\u00e9ratisation ou d\u00e9moustication n\u2019a eu lieu alors qu\u2019on approche \u00e0 grand pas de l\u2019\u00e9t\u00e9. La commune a la charge de la collecte et le traitement des ordures m\u00e9nag\u00e8res, mais elle peut la transf\u00e9rer\u00a0 \u00e0 un autre organisme comme ce fut le cas de Mascara qui a c\u00e9d\u00e9 cette mission \u00e0 l\u2019EPIC, mais elle doit s\u2019assurer que la gestion des ordures se fait convenablement et ne peut mettre en danger la vie du citoyen, l\u2019environnement et l\u2019esth\u00e9tique de la ville. Les \u00e9lus semblent aller dans la passivit\u00e9, ils ne s\u2019int\u00e9ressent point \u00e0 la propret\u00e9 de leur ville, allez y voir ces quartiers compl\u00e8tement envahis par les mauvaises herbes, des arbres secs qui trainent \u00e0 certains endroits depuis l\u2019hiver, les trottoirs saccag\u00e9s, les \u00e9lus et les citoyens chacun vit de son c\u00f4t\u00e9, les \u00e9lus doivent en principe ordonner aux habitants des cit\u00e9s \u00e0 faire des journ\u00e9es de volontariat et surtout avaler les fa\u00e7ades de leurs logements, surtout dans les b\u00e2timents o\u00f9 ils y a des propri\u00e9taires et des copropri\u00e9taires.\u00a0\u00a0<\/div>\n<\/div>\n<p>Auteur: B.Boufaden<br \/>\n<a href=\"https:\/\/www.reflexiondz.net\/MASCARA-La-ville-croule-sous-les-ordures_a56066.html\">Cliquez ici pour lire l&rsquo;article depuis sa source.<\/a><\/p>\n","protected":false},"excerpt":{"rendered":"<p>Malgr\u00e9 toutes les d\u00e9cisions prises et \u00e0 tous les niveaux, la ville de Mascara croule sous les ordures m\u00e9nag\u00e8res, avant, on a pos\u00e9 le probl\u00e8me des ouvriers qui n\u2019ont pas encaiss\u00e9 leurs salaires, et qui ont multipli\u00e9s les gr\u00e8ves chose qui est l\u00e9gitime,\u00a0 ensuite, il \u00e9tait question du Directeur qui n\u2019\u00e9tait pas \u00e0 la hauteur [&hellip;]<\/p>\n","protected":false},"author":1740,"featured_media":0,"comment_status":"closed","ping_status":"closed","sticky":false,"template":"","format":"standard","meta":{"fifu_image_url":"","fifu_image_alt":"","footnotes":""},"categories":[53,76],"tags":[],"class_list":["post-38302","post","type-post","status-publish","format-standard","hentry","category-algerie","category-regions"],"_links":{"self":[{"href":"https:\/\/linitiative.ca\/International\/wp-json\/wp\/v2\/posts\/38302","targetHints":{"allow":["GET"]}}],"collection":[{"href":"https:\/\/linitiative.ca\/International\/wp-json\/wp\/v2\/posts"}],"about":[{"href":"https:\/\/linitiative.ca\/International\/wp-json\/wp\/v2\/types\/post"}],"author":[{"embeddable":true,"href":"https:\/\/linitiative.ca\/International\/wp-json\/wp\/v2\/users\/1740"}],"replies":[{"embeddable":true,"href":"https:\/\/linitiative.ca\/International\/wp-json\/wp\/v2\/comments?post=38302"}],"version-history":[{"count":0,"href":"https:\/\/linitiative.ca\/International\/wp-json\/wp\/v2\/posts\/38302\/revisions"}],"wp:attachment":[{"href":"https:\/\/linitiative.ca\/International\/wp-json\/wp\/v2\/media?parent=38302"}],"wp:term":[{"taxonomy":"category","embeddable":true,"href":"https:\/\/linitiative.ca\/International\/wp-json\/wp\/v2\/categories?post=38302"},{"taxonomy":"post_tag","embeddable":true,"href":"https:\/\/linitiative.ca\/International\/wp-json\/wp\/v2\/tags?post=38302"}],"curies":[{"name":"wp","href":"https:\/\/api.w.org\/{rel}","templated":true}]}}