{"id":38343,"date":"2019-06-02T13:49:37","date_gmt":"2019-06-02T17:49:37","guid":{"rendered":"https:\/\/linitiative.ca\/International\/tunisie-audio-la-zakat-surtaxee-explications-du-directeur-de-lassociation-des-villages-sos\/"},"modified":"2019-06-02T13:49:37","modified_gmt":"2019-06-02T17:49:37","slug":"tunisie-audio-la-zakat-surtaxee-explications-du-directeur-de-lassociation-des-villages-sos","status":"publish","type":"post","link":"https:\/\/linitiative.ca\/International\/tunisie-audio-la-zakat-surtaxee-explications-du-directeur-de-lassociation-des-villages-sos\/","title":{"rendered":"Tunisie \u2013 AUDIO\u00a0: La Zakat surtax\u00e9e\u00a0: Explications du directeur de l\u2019association des villages SOS"},"content":{"rendered":"<div class=\"post-cont-in left relative\">\n<div class=\"swp_social_panel swp_horizontal_panel swp_flat_fresh swp_default_full_color swp_individual_full_color swp_other_full_color scale-100 scale-\" data-min-width=\"1100\" data-float-color=\"#ffffff\" data-float=\"none\" data-float-mobile=\"none\" data-transition=\"slide\">\n<div class=\"nc_tweetContainer swp_share_button total_shares total_sharesalt\"><span class=\"swp_count\">23 <span class=\"swp_label\">Partages<\/span><\/span><\/div>\n<\/div>\n<p>Suite \u00e0 la pol\u00e9mique suscit\u00e9e par le contenu du SMS envoy\u00e9 hier samedi, aux citoyens, les invitants \u00e0 payer la Zakat de l\u2019A\u00efd au profit des villages SOS\u00a0stipulant que les sommes \u00e0 verser devaient \u00eatre grev\u00e9es d\u2019une taxe de 25%, le directeur de l\u2019association des villages SOS en Tunisie, M. Fathi Ma\u00e2oui, a bien voulu donner des explications \u00e0 la r\u00e9daction de Tunisienumerique, d\u00e9clarant que l\u2019association n\u2019arien \u00e0 voir avec cette taxation, dict\u00e9e par la loi de finances en vigueur dans le pays.<\/p>\n<p>Il a d\u00e9plor\u00e9 que cette loi de finances l\u00e8se les associations caritatives et autres, pr\u00e9cisant qu\u2019une seule d\u00e9rogation a \u00e9t\u00e9 accord\u00e9e, l\u2019ann\u00e9e derni\u00e8re, au profit de l\u2019association Maram, pour la prise en charge des enfants atteints de cancer.<\/p>\n<div class=\"code-block code-block-1 c3\"><ins class=\"adsbygoogle c2\" data-ad-layout=\"in-article\" data-ad-format=\"fluid\" data-ad-client=\"ca-pub-2102118777505746\" data-ad-slot=\"7301775417\"\/> <\/div>\n<p>M. Ma\u00e2oui a ajout\u00e9 que l\u2019association est en train de faire des interventions \u00e0 tous les niveaux pour exon\u00e9rer les dons de cette taxe, affirmant qu\u2019il a confiance\u00a0dans les membres du gouvernement et les repr\u00e9sentants du peuple, pour lever cette \u00ab\u00a0injustice\u00a0\u00bb, de fa\u00e7on \u00e0 ce que les associations dont SOS, puissent b\u00e9n\u00e9ficier de tels dons.<\/p>\n<p><a href=\"https:\/\/www.tunisienumerique.com\/wp-content\/uploads\/2019\/06\/Fathi-Maaoui-1.mp3\">https:\/\/www.tunisienumerique.com\/wp-content\/uploads\/2019\/06\/Fathi-Maaoui-1.mp3<\/a><\/p>\n<div class=\"mvp-org-wrap mvp-org-logo\" itemprop=\"publisher\" itemscope=\"\" itemtype=\"https:\/\/schema.org\/Organization\"><img decoding=\"async\" src=\"https:\/\/www.tunisienumerique.com\/wp-content\/uploads\/2017\/02\/logo_tunisie_numerique.png\"\/><\/div>\n<div class=\"swp_social_panel swp_horizontal_panel swp_flat_fresh swp_default_full_color swp_individual_full_color swp_other_full_color scale-100 scale-\" data-min-width=\"1100\" data-float-color=\"#ffffff\" data-float=\"none\" data-float-mobile=\"none\" data-transition=\"slide\">\n<div class=\"nc_tweetContainer swp_share_button total_shares total_sharesalt\"><span class=\"swp_count\">23 <span class=\"swp_label\">Partages<\/span><\/span><\/div>\n<\/div>\n<div class=\"mvp-related-posts left relative\">\n<h4 class=\"post-header\"><span class=\"post-header\">Lire aussi<\/span><\/h4>\n<\/div>\n<\/div>\n<p>Auteur: LM<br \/>\n<a href=\"https:\/\/www.tunisienumerique.com\/tunisie-audio-la-zakat-surtaxee-explications-du-directeur-de-lassociation-des-villages-sos\/\">Cliquez ici pour lire l&rsquo;article depuis sa source.<\/a><\/p>\n","protected":false},"excerpt":{"rendered":"<p>23 Partages Suite \u00e0 la pol\u00e9mique suscit\u00e9e par le contenu du SMS envoy\u00e9 hier samedi, aux citoyens, les invitants \u00e0 payer la Zakat de l\u2019A\u00efd au profit des villages SOS\u00a0stipulant que les sommes \u00e0 verser devaient \u00eatre grev\u00e9es d\u2019une taxe de 25%, le directeur de l\u2019association des villages SOS en Tunisie, M. Fathi Ma\u00e2oui, a [&hellip;]<\/p>\n","protected":false},"author":1789,"featured_media":38344,"comment_status":"closed","ping_status":"closed","sticky":false,"template":"","format":"standard","meta":{"fifu_image_url":"","fifu_image_alt":"","footnotes":""},"categories":[73,55],"tags":[],"class_list":["post-38343","post","type-post","status-publish","format-standard","has-post-thumbnail","hentry","category-actualite","category-tunisie"],"_links":{"self":[{"href":"https:\/\/linitiative.ca\/International\/wp-json\/wp\/v2\/posts\/38343","targetHints":{"allow":["GET"]}}],"collection":[{"href":"https:\/\/linitiative.ca\/International\/wp-json\/wp\/v2\/posts"}],"about":[{"href":"https:\/\/linitiative.ca\/International\/wp-json\/wp\/v2\/types\/post"}],"author":[{"embeddable":true,"href":"https:\/\/linitiative.ca\/International\/wp-json\/wp\/v2\/users\/1789"}],"replies":[{"embeddable":true,"href":"https:\/\/linitiative.ca\/International\/wp-json\/wp\/v2\/comments?post=38343"}],"version-history":[{"count":0,"href":"https:\/\/linitiative.ca\/International\/wp-json\/wp\/v2\/posts\/38343\/revisions"}],"wp:featuredmedia":[{"embeddable":true,"href":"https:\/\/linitiative.ca\/International\/wp-json\/"}],"wp:attachment":[{"href":"https:\/\/linitiative.ca\/International\/wp-json\/wp\/v2\/media?parent=38343"}],"wp:term":[{"taxonomy":"category","embeddable":true,"href":"https:\/\/linitiative.ca\/International\/wp-json\/wp\/v2\/categories?post=38343"},{"taxonomy":"post_tag","embeddable":true,"href":"https:\/\/linitiative.ca\/International\/wp-json\/wp\/v2\/tags?post=38343"}],"curies":[{"name":"wp","href":"https:\/\/api.w.org\/{rel}","templated":true}]}}