{"id":38349,"date":"2019-06-02T15:05:34","date_gmt":"2019-06-02T19:05:34","guid":{"rendered":"https:\/\/linitiative.ca\/International\/tunisie-sidi-bouzid-une-femme-simmole-par-le-feu-juste-avant-la-rupture-du-jeune\/"},"modified":"2019-06-02T15:05:34","modified_gmt":"2019-06-02T19:05:34","slug":"tunisie-sidi-bouzid-une-femme-simmole-par-le-feu-juste-avant-la-rupture-du-jeune","status":"publish","type":"post","link":"https:\/\/linitiative.ca\/International\/tunisie-sidi-bouzid-une-femme-simmole-par-le-feu-juste-avant-la-rupture-du-jeune\/","title":{"rendered":"Tunisie \u2013 Sidi Bouzid\u00a0: Une femme s\u2019immole par le feu juste avant la rupture du je\u00fbne"},"content":{"rendered":"<div class=\"post-cont-in left relative\">\n<div class=\"swp_social_panel swp_horizontal_panel swp_flat_fresh swp_default_full_color swp_individual_full_color swp_other_full_color scale-100 scale-\" data-min-width=\"1100\" data-float-color=\"#ffffff\" data-float=\"none\" data-float-mobile=\"none\" data-transition=\"slide\">\n<div class=\"nc_tweetContainer swp_share_button total_shares total_sharesalt\"><span class=\"swp_count\">96 <span class=\"swp_label\">Partages<\/span><\/span><\/div>\n<\/div>\n<p>Une femme, la cinquantaine, s\u2019est immol\u00e9e par le feu, dans la cour d\u2019une \u00e9cole mitoyenne\u00a0\u00e0 sa maison \u00e0 Ksar H\u2019mam au Regueb, dans le gouvernorat de Sidi Bouzid.<\/p>\n<p>La victime a \u00e9t\u00e9 transport\u00e9e, dans un premier temps \u00e0 l\u2019h\u00f4pital du Regueb d\u2019o\u00f9 elle a \u00e9t\u00e9 transf\u00e9r\u00e9e \u00e0 celui de Sidi Bouzid, \u00e0 cause de la gravit\u00e9 de ses br\u00fblures.<\/p>\n<div class=\"code-block code-block-1 c3\"><ins class=\"adsbygoogle c2\" data-ad-layout=\"in-article\" data-ad-format=\"fluid\" data-ad-client=\"ca-pub-2102118777505746\" data-ad-slot=\"7301775417\"\/> <\/div>\n<p>Les causes de son geste n\u2019ont pas \u00e9t\u00e9 \u00e9lucid\u00e9es.<\/p>\n<div class=\"mvp-org-wrap mvp-org-logo\" itemprop=\"publisher\" itemscope=\"\" itemtype=\"https:\/\/schema.org\/Organization\"><img decoding=\"async\" src=\"https:\/\/www.tunisienumerique.com\/wp-content\/uploads\/2017\/02\/logo_tunisie_numerique.png\"\/><\/div>\n<div class=\"swp_social_panel swp_horizontal_panel swp_flat_fresh swp_default_full_color swp_individual_full_color swp_other_full_color scale-100 scale-\" data-min-width=\"1100\" data-float-color=\"#ffffff\" data-float=\"none\" data-float-mobile=\"none\" data-transition=\"slide\">\n<div class=\"nc_tweetContainer swp_share_button total_shares total_sharesalt\"><span class=\"swp_count\">96 <span class=\"swp_label\">Partages<\/span><\/span><\/div>\n<\/div>\n<div class=\"mvp-related-posts left relative\">\n<h4 class=\"post-header\"><span class=\"post-header\">Lire aussi<\/span><\/h4>\n<\/div>\n<\/div>\n<p>Auteur: LM<br \/>\n<a href=\"https:\/\/www.tunisienumerique.com\/tunisie-sidi-bouzid-une-femme-simmole-par-le-feu-juste-avant-la-rupture-du-jeune\/\">Cliquez ici pour lire l&rsquo;article depuis sa source.<\/a><\/p>\n","protected":false},"excerpt":{"rendered":"<p>96 Partages Une femme, la cinquantaine, s\u2019est immol\u00e9e par le feu, dans la cour d\u2019une \u00e9cole mitoyenne\u00a0\u00e0 sa maison \u00e0 Ksar H\u2019mam au Regueb, dans le gouvernorat de Sidi Bouzid. La victime a \u00e9t\u00e9 transport\u00e9e, dans un premier temps \u00e0 l\u2019h\u00f4pital du Regueb d\u2019o\u00f9 elle a \u00e9t\u00e9 transf\u00e9r\u00e9e \u00e0 celui de Sidi Bouzid, \u00e0 cause [&hellip;]<\/p>\n","protected":false},"author":1789,"featured_media":38350,"comment_status":"closed","ping_status":"closed","sticky":false,"template":"","format":"standard","meta":{"fifu_image_url":"","fifu_image_alt":"","footnotes":""},"categories":[73,55],"tags":[],"class_list":["post-38349","post","type-post","status-publish","format-standard","has-post-thumbnail","hentry","category-actualite","category-tunisie"],"_links":{"self":[{"href":"https:\/\/linitiative.ca\/International\/wp-json\/wp\/v2\/posts\/38349","targetHints":{"allow":["GET"]}}],"collection":[{"href":"https:\/\/linitiative.ca\/International\/wp-json\/wp\/v2\/posts"}],"about":[{"href":"https:\/\/linitiative.ca\/International\/wp-json\/wp\/v2\/types\/post"}],"author":[{"embeddable":true,"href":"https:\/\/linitiative.ca\/International\/wp-json\/wp\/v2\/users\/1789"}],"replies":[{"embeddable":true,"href":"https:\/\/linitiative.ca\/International\/wp-json\/wp\/v2\/comments?post=38349"}],"version-history":[{"count":0,"href":"https:\/\/linitiative.ca\/International\/wp-json\/wp\/v2\/posts\/38349\/revisions"}],"wp:featuredmedia":[{"embeddable":true,"href":"https:\/\/linitiative.ca\/International\/wp-json\/"}],"wp:attachment":[{"href":"https:\/\/linitiative.ca\/International\/wp-json\/wp\/v2\/media?parent=38349"}],"wp:term":[{"taxonomy":"category","embeddable":true,"href":"https:\/\/linitiative.ca\/International\/wp-json\/wp\/v2\/categories?post=38349"},{"taxonomy":"post_tag","embeddable":true,"href":"https:\/\/linitiative.ca\/International\/wp-json\/wp\/v2\/tags?post=38349"}],"curies":[{"name":"wp","href":"https:\/\/api.w.org\/{rel}","templated":true}]}}