{"id":38361,"date":"2019-06-02T13:18:03","date_gmt":"2019-06-02T17:18:03","guid":{"rendered":"https:\/\/linitiative.ca\/International\/finale-de-la-ldc-la-caf-convoque-mardi-un-comite-executif-durgence\/"},"modified":"2019-06-02T13:18:03","modified_gmt":"2019-06-02T17:18:03","slug":"finale-de-la-ldc-la-caf-convoque-mardi-un-comite-executif-durgence","status":"publish","type":"post","link":"https:\/\/linitiative.ca\/International\/finale-de-la-ldc-la-caf-convoque-mardi-un-comite-executif-durgence\/","title":{"rendered":"Finale de la LDC : La CAF convoque mardi un Comit\u00e9 ex\u00e9cutif d\u2019urgence"},"content":{"rendered":"<div readability=\"32\">\n<p>Publi\u00e9 le 02.06.2019 \u00e0 18h18 par APA News<\/p>\n<\/div>\n<div readability=\"58\">\n<p>La Conf\u00e9d\u00e9ration africaine de football (CAF) a d\u00e9cid\u00e9 de convoquer un comit\u00e9 ex\u00e9cutif d\u2019urgence le 4 juin, suite aux \u00e9v\u00e9nements ayant \u00e9maill\u00e9 la finale-retour de la Ligue des Champions entre l\u2019Esp\u00e9rance sportive de Tunis (EST) et le Wydad de Casablanca (WAC).Cette finale controvers\u00e9e a \u00e9t\u00e9 consid\u00e9r\u00e9e comme une \u00ab honte \u00bb et une \u00ab mascarade \u00bb arbitrale suite \u00e0 l\u2019annulation d\u2019un but en faveur du WAC, alors que les Rouge et blanc \u00e9taient men\u00e9s au score (0-1) et son interruption pendant plus de 75 minutes, avant que l\u2019arbitre gambien Bakary Gassama ne siffle la fin de la rencontre et ne proclame l\u2019EST vainqueur de la coupe.<\/p>\n<p>\u00ab (\u2026) le pr\u00e9sident de la CAF, M. Ahmad Ahmad d\u00e9cide de provoquer un Comit\u00e9 Ex\u00e9cutif d\u2019urgence le 4 juin pour d\u00e9battre des issues r\u00e9glementaires \u00e0 r\u00e9server \u00e0 cette rencontre \u00bb, annonce la CAF dans un communiqu\u00e9.<\/p>\n<p>L\u2019Esp\u00e9rance Tunis a \u00e9t\u00e9 proclam\u00e9e vainqueur de la Ligue des champions d\u2019Afrique face au Wydad de Casablanca apr\u00e8s l\u2019interruption de la finale retour, pour des probl\u00e8mes d\u2019arbitrage.<\/p>\n<p>Les joueurs du Wydad ont refus\u00e9 de reprendre le match et exig\u00e9 de consulter la VAR suite au but \u00e9galisateur de Walid Karti \u00e0 la 59\u00e8me minute, qui a \u00e9t\u00e9 refus\u00e9 par l\u2019arbitre de la rencontre, le Gambien Bakary Gassama pour un suppos\u00e9 hors-jeu. Le WAC \u00e9tait men\u00e9 au score (1-0) depuis la 41\u00e8me minute apr\u00e8s un but de Youssef Belaili.<\/p>\n<p>En finale aller, les deux \u00e9quipes avaient fait match nul 1-1 \u00e0 Rabat.<\/p>\n<\/div>\n<p>Auteur: APA News<br \/>\n<a href=\"https:\/\/www.journalducameroun.com\/finale-de-la-ldc-la-caf-convoque-mardi-un-comite-executif-durgence\/\">Cliquez ici pour lire l&rsquo;article depuis sa source.<\/a><\/p>\n","protected":false},"excerpt":{"rendered":"<p>Publi\u00e9 le 02.06.2019 \u00e0 18h18 par APA News La Conf\u00e9d\u00e9ration africaine de football (CAF) a d\u00e9cid\u00e9 de convoquer un comit\u00e9 ex\u00e9cutif d\u2019urgence le 4 juin, suite aux \u00e9v\u00e9nements ayant \u00e9maill\u00e9 la finale-retour de la Ligue des Champions entre l\u2019Esp\u00e9rance sportive de Tunis (EST) et le Wydad de Casablanca (WAC).Cette finale controvers\u00e9e a \u00e9t\u00e9 consid\u00e9r\u00e9e comme [&hellip;]<\/p>\n","protected":false},"author":1965,"featured_media":0,"comment_status":"closed","ping_status":"closed","sticky":false,"template":"","format":"standard","meta":{"fifu_image_url":"","fifu_image_alt":"","footnotes":""},"categories":[73,82],"tags":[],"class_list":["post-38361","post","type-post","status-publish","format-standard","hentry","category-actualite","category-cameroun"],"_links":{"self":[{"href":"https:\/\/linitiative.ca\/International\/wp-json\/wp\/v2\/posts\/38361","targetHints":{"allow":["GET"]}}],"collection":[{"href":"https:\/\/linitiative.ca\/International\/wp-json\/wp\/v2\/posts"}],"about":[{"href":"https:\/\/linitiative.ca\/International\/wp-json\/wp\/v2\/types\/post"}],"author":[{"embeddable":true,"href":"https:\/\/linitiative.ca\/International\/wp-json\/wp\/v2\/users\/1965"}],"replies":[{"embeddable":true,"href":"https:\/\/linitiative.ca\/International\/wp-json\/wp\/v2\/comments?post=38361"}],"version-history":[{"count":0,"href":"https:\/\/linitiative.ca\/International\/wp-json\/wp\/v2\/posts\/38361\/revisions"}],"wp:attachment":[{"href":"https:\/\/linitiative.ca\/International\/wp-json\/wp\/v2\/media?parent=38361"}],"wp:term":[{"taxonomy":"category","embeddable":true,"href":"https:\/\/linitiative.ca\/International\/wp-json\/wp\/v2\/categories?post=38361"},{"taxonomy":"post_tag","embeddable":true,"href":"https:\/\/linitiative.ca\/International\/wp-json\/wp\/v2\/tags?post=38361"}],"curies":[{"name":"wp","href":"https:\/\/api.w.org\/{rel}","templated":true}]}}