{"id":38362,"date":"2019-06-02T13:50:02","date_gmt":"2019-06-02T17:50:02","guid":{"rendered":"https:\/\/linitiative.ca\/International\/malgre-la-tourmente-le-gouvernement-merkel-va-poursuivre-son-travail\/"},"modified":"2019-06-02T13:50:02","modified_gmt":"2019-06-02T17:50:02","slug":"malgre-la-tourmente-le-gouvernement-merkel-va-poursuivre-son-travail","status":"publish","type":"post","link":"https:\/\/linitiative.ca\/International\/malgre-la-tourmente-le-gouvernement-merkel-va-poursuivre-son-travail\/","title":{"rendered":"Malgr\u00e9 la tourmente, le gouvernement Merkel va \u00ab\u00a0poursuivre\u00a0\u00bb son travail"},"content":{"rendered":"<p>La chanceli\u00e8re allemande s\u2019est dit d\u00e9termin\u00e9e \u00e0 poursuivre le travail de son gouvernement, fragilis\u00e9 par la d\u00e9mission dimanche de la cheffe de son partenaire social-d\u00e9mocrate en r\u00e9action \u00e0 sa d\u00e9b\u00e2cle aux Europ\u00e9ennes.<\/p>\n<p>\u00ab\u00a0Ce que je veux dire au nom du gouvernement, c\u2019est que nous allons continuer notre travail avec tout notre s\u00e9rieux et surtout notre sens des responsabilit\u00e9s\u00a0\u00bb, a insist\u00e9 Angela Merkel lors d\u2019une br\u00e8ve allocution en marge d\u2019une r\u00e9union de son parti \u00e0 Berlin, listant des d\u00e9fis \u00ab\u00a0en Allemagne, en Europe ou quand je pense \u00e0 l\u2019\u00e9tat du monde\u00a0\u00bb.<\/p>\n<p>Avant elle, sa dauphine pr\u00e9sum\u00e9e et dirigeante de l\u2019Union chr\u00e9tienne-d\u00e9mocrate (CDU), Annegret Kramp-Karrenbauer, avait martel\u00e9 le m\u00eame message.<\/p>\n<p>Mme Merkel a toujours affirm\u00e9 vouloir achever son quatri\u00e8me mandat comme pr\u00e9vu en 2021, parvenant, malgr\u00e9 la multiplication des crises gouvernementales depuis un an \u00e0 pr\u00e9server au pouvoir une coalition, SPD et CDU, impopulaire.<\/p>\n<p>La cheffe des sociaux-d\u00e9mocrates Andrea Nahles, qui a annonc\u00e9 sa d\u00e9mission lundi, cristallisait les critiques internes depuis la gifle historique que son parti a connu aux Europ\u00e9ennes: largement devanc\u00e9e par des Verts (20,5%), la formation de centre-gauche n\u2019a recueilli que 15,8% des votes.<\/p>\n<p>Elle a expliqu\u00e9 jeter l\u2019\u00e9ponge \u00ab\u00a0faute de soutien n\u00e9cessaire\u00a0\u00bb, deux jours avant un vote du parti sur son avenir.<\/p>\n<p>Le d\u00e9part de Mme Nahles, malmen\u00e9e depuis sa prise de fonction il y a un an par des frondeurs partisans d\u2019un passage \u00e0 l\u2019opposition, pourrait donc acc\u00e9l\u00e9rer, par effet domino, la d\u00e9composition du gouvernement de la chanceli\u00e8re.<\/p>\n<p>Andrea Nahles faisait partie des rares membres du SPD \u00e0 plaider pour un maintien dans la coalition, et son d\u00e9part pourrait acc\u00e9l\u00e9rer la d\u00e9cision du SPD de s\u2019affranchir de son partenariat avec la droite.<\/p>\n<p>\u2013 Fin attendue ? \u2013<\/p>\n<p>Le site du journal de centre-gauche S\u00fcddeustche Zeitung titrait dimanche apr\u00e8s-midi sur \u00ab\u00a0la fin attendue\u00a0\u00bb de la GroKO, cette grande coalition qui survit dans la douleur depuis ses d\u00e9buts en 2018.<\/p>\n<p>\u00ab\u00a0C\u2019est \u00e0 peine s\u2019il y a encore un projet commun, les protagonistes s\u2019y tra\u00eenent \u00e0 contre-coeur. Qui voudrait que \u00e7a continue encore comme \u00e7a ?\u00a0\u00bb, demande-t-il.<\/p>\n<p>Pour le politologue Lothar Probst, la GroKo peut encore survivre car SPD et CDU ont beaucoup \u00e0 perdre lors d\u2019\u00e9lections anticip\u00e9es. Mais les deux partenaires sont \u00ab\u00a0touch\u00e9s \u00e0 leur sommet\u00a0\u00bb, souligne-t-il dans le quotidien d\u2019affaires Handelsblatt.<\/p>\n<p>Du c\u00f4t\u00e9 de la CDU, Annegret Kramp-Karrenbauer, surnomm\u00e9e AKK, est aussi en difficult\u00e9 depuis les \u00e9lections europ\u00e9ennes, o\u00f9 les chr\u00e9tiens-d\u00e9mocrates sont arriv\u00e9s en t\u00eate mais avec un score historiquement bas (28,9%).<\/p>\n<p>Elle a aussi multipli\u00e9 les faux pas, s\u2019ali\u00e9nant notamment d\u2019influents YouTubeurs juste avant et apr\u00e8s le scrutin europ\u00e9en. Une situation de mauvais augure, un an apr\u00e8s avoir succ\u00e9d\u00e9 \u00e0 Angela Merkel \u00e0 la t\u00eate du parti.<\/p>\n<p>Dans le camp social-d\u00e9mocrate, l\u2019id\u00e9e de quitter avant 2021 l\u2019alliance form\u00e9e avec la CDU n\u2019est pas neuve et pour certains, est m\u00eame devenue presque in\u00e9vitable.<\/p>\n<p>\u00ab\u00a0La prochaine \u00e9tape, c\u2019est la fin de la GroKo, tout le reste ne d\u00e9boucherait sur rien\u00a0\u00bb, pr\u00e9dit un responsable du SPD, Harald Christ, dans les colonnes du journal Bild.<\/p>\n<p>Le plus vieux parti d\u2019Allemagne a pr\u00e9vu de trancher la question en septembre, \u00e0 mi-mandat et autour de scrutins r\u00e9gionaux qui s\u2019annoncent difficiles dans trois r\u00e9gions de l\u2019ex-Allemagne de l\u2019Est.<\/p>\n<p>Dans ces L\u00e4nder, l\u2019Alternative pour l\u2019Allemagne (AfD, extr\u00eame droite) esp\u00e8re d\u00e9passer la CDU et r\u00e9duire les sociaux-d\u00e9mocrates \u00e0 la portion congrue.<\/p>\n<p>\u2013 Les Verts en vogue \u2013<\/p>\n<p>Au lendemain des Europ\u00e9ennes, trois figures de l\u2019aile gauche de la formation, dont le responsable de la jeunesse Kevin K\u00fchnert, ont plaid\u00e9 pour que le SPD impose un virage \u00e0 gauche au gouvernement ou qu\u2019il en claque la porte.<\/p>\n<p>Car sur les questions sociales \u2013retraites, indemnisation ch\u00f4mage\u2013, CDU et SPD accentuent leurs diff\u00e9rences depuis des mois. S\u2019y ajoute, la lutte contre le changement climatique, un domaine o\u00f9 l\u2019Allemagne est \u00e0 la tra\u00eene mais qui est devenu cher aux \u00e9lecteurs, comme l\u2019illustre le succ\u00e8s des Verts aux Europ\u00e9ennes.<\/p>\n<p>Des l\u00e9gislatives anticip\u00e9es dans de telles conditions seraient une premi\u00e8re en Allemagne et risqueraient de mener \u00e0 de lourdes pertes pour les deux partis qui ont dirig\u00e9 ensemble ou \u00e0 tour de r\u00f4le l\u2019Allemagne depuis 1949.<\/p>\n<p>Apr\u00e8s leur score record aux Europ\u00e9ennes, les Verts poursuivent pour leur part leur ascension. Dans un sondage RTL publi\u00e9 samedi, ils devancent pour la premi\u00e8re fois, avec 27% des intentions de vote, la CDU (26%). Le SPD (12%) est lui au coude-\u00e0-coude avec l\u2019extr\u00eame droite.<\/p>\n<p>Auteur: AFP<br \/>\n<a href=\"https:\/\/www.journalducameroun.com\/malgre-la-tourmente-le-gouvernement-merkel-va-poursuivre-son-travail\/\">Cliquez ici pour lire l&rsquo;article depuis sa source.<\/a><\/p>\n","protected":false},"excerpt":{"rendered":"<p>La chanceli\u00e8re allemande s\u2019est dit d\u00e9termin\u00e9e \u00e0 poursuivre le travail de son gouvernement, fragilis\u00e9 par la d\u00e9mission dimanche de la cheffe de son partenaire social-d\u00e9mocrate en r\u00e9action \u00e0 sa d\u00e9b\u00e2cle aux Europ\u00e9ennes. \u00ab\u00a0Ce que je veux dire au nom du gouvernement, c\u2019est que nous allons continuer notre travail avec tout notre s\u00e9rieux et surtout notre [&hellip;]<\/p>\n","protected":false},"author":1965,"featured_media":0,"comment_status":"closed","ping_status":"closed","sticky":false,"template":"","format":"standard","meta":{"fifu_image_url":"","fifu_image_alt":"","footnotes":""},"categories":[73,82],"tags":[],"class_list":["post-38362","post","type-post","status-publish","format-standard","hentry","category-actualite","category-cameroun"],"_links":{"self":[{"href":"https:\/\/linitiative.ca\/International\/wp-json\/wp\/v2\/posts\/38362","targetHints":{"allow":["GET"]}}],"collection":[{"href":"https:\/\/linitiative.ca\/International\/wp-json\/wp\/v2\/posts"}],"about":[{"href":"https:\/\/linitiative.ca\/International\/wp-json\/wp\/v2\/types\/post"}],"author":[{"embeddable":true,"href":"https:\/\/linitiative.ca\/International\/wp-json\/wp\/v2\/users\/1965"}],"replies":[{"embeddable":true,"href":"https:\/\/linitiative.ca\/International\/wp-json\/wp\/v2\/comments?post=38362"}],"version-history":[{"count":0,"href":"https:\/\/linitiative.ca\/International\/wp-json\/wp\/v2\/posts\/38362\/revisions"}],"wp:attachment":[{"href":"https:\/\/linitiative.ca\/International\/wp-json\/wp\/v2\/media?parent=38362"}],"wp:term":[{"taxonomy":"category","embeddable":true,"href":"https:\/\/linitiative.ca\/International\/wp-json\/wp\/v2\/categories?post=38362"},{"taxonomy":"post_tag","embeddable":true,"href":"https:\/\/linitiative.ca\/International\/wp-json\/wp\/v2\/tags?post=38362"}],"curies":[{"name":"wp","href":"https:\/\/api.w.org\/{rel}","templated":true}]}}