{"id":38364,"date":"2019-06-02T13:50:06","date_gmt":"2019-06-02T17:50:06","guid":{"rendered":"https:\/\/linitiative.ca\/International\/des-dizaines-de-milliers-disraeliens-paradent-pour-celebrer-la-prise-de-jerusalem-est\/"},"modified":"2019-06-02T13:50:06","modified_gmt":"2019-06-02T17:50:06","slug":"des-dizaines-de-milliers-disraeliens-paradent-pour-celebrer-la-prise-de-jerusalem-est","status":"publish","type":"post","link":"https:\/\/linitiative.ca\/International\/des-dizaines-de-milliers-disraeliens-paradent-pour-celebrer-la-prise-de-jerusalem-est\/","title":{"rendered":"Des dizaines de milliers d\u2019Isra\u00e9liens paradent pour c\u00e9l\u00e9brer la prise de J\u00e9rusalem-Est"},"content":{"rendered":"<div readability=\"32\">\n<p>Publi\u00e9 le 02.06.2019 \u00e0 18h50 par AFP<\/p>\n<\/div>\n<div readability=\"154\">\n<p>Des dizaines de milliers d\u2019Isra\u00e9liens d\u00e9filaient dimanche apr\u00e8s-midi pour c\u00e9l\u00e9brer la \u00ab\u00a0Journ\u00e9e de J\u00e9rusalem\u00a0\u00bb, comm\u00e9morant la prise par leur arm\u00e9e lors de la guerre des Six Jours en 1967, de la Vieille ville, alors sous contr\u00f4le jordanien.<\/p>\n<p>Cette marche traditionnelle, qualifi\u00e9e de \u00ab\u00a0danse des drapeaux\u00a0\u00bb r\u00e9unit essentiellement des jeunes religieux nationalistes venus de tout le pays.<\/p>\n<p>Elle se termine par une c\u00e9r\u00e9monie au Mur des Lamentations, situ\u00e9 sous l\u2019enceinte de l\u2019esplanade de Mosqu\u00e9es.<\/p>\n<p>Environ 3.000 policiers \u00e9taient d\u00e9ploy\u00e9s dans la ville, notamment dans le quartier musulman de la vieille ville, a indiqu\u00e9 un porte-parole de la police.<\/p>\n<p>La plupart des commerces dans le quartier musulman avaient ferm\u00e9, a constat\u00e9 une journaliste de l\u2019AFP.<\/p>\n<p>\u00ab\u00a0Nous sommes venus pour f\u00eater cette journ\u00e9e. C\u2019est du sionisme et c\u2019est pour renforcer le lien avec nos origines et avec le pays\u00a0\u00bb, a affirm\u00e9 \u00e0 l\u2019AFP Rina Benchimol, la quarantaine, venue de Kfar Tavor (nord) avec son mari et ses trois enfants pour participer \u00e0 cette marche.<\/p>\n<p>Des affrontements avaient oppos\u00e9 plus t\u00f4t Palestiniens et policiers isra\u00e9liens sur l\u2019esplanade des Mosqu\u00e9es, apr\u00e8s la visite de nationalistes juifs sur ce site ultrasensible.<\/p>\n<p>Troisi\u00e8me lieu saint de l\u2019islam, \u00e9galement r\u00e9v\u00e9r\u00e9 par les juifs comme leur site le plus sacr\u00e9, l\u2019esplanade des Mosqu\u00e9es se trouve \u00e0 J\u00e9rusalem-Est, partie palestinienne de la ville occup\u00e9e depuis 1967 par Isra\u00ebl, qui l\u2019a ensuite annex\u00e9e. Les forces isra\u00e9liennes contr\u00f4lent tous ses acc\u00e8s et y p\u00e9n\u00e8trent en cas de troubles.<\/p>\n<p>Les juifs sont autoris\u00e9s \u00e0 venir sur le site pendant des heures pr\u00e9cises, mais ne peuvent pas y prier, pour \u00e9viter d\u2019attiser les tensions.<\/p>\n<p>Quelque 1.200 nationalistes juifs s\u2019y sont rendus dimanche matin, selon le directeur de la mosqu\u00e9e d\u2019Al-Aqsa et une organisation juive g\u00e9rant ces visites. La police isra\u00e9lienne qui interdit d\u2019ordinaire les visites aux juifs sur l\u2019esplanade durant les dix derniers jours du mois de je\u00fbne musulman de ramadan, les a exceptionnellement autoris\u00e9es dimanche.<\/p>\n<p>\u2013 Col\u00e8re des Palestiniens \u2013<\/p>\n<p>Cela a provoqu\u00e9 la col\u00e8re de fid\u00e8les palestiniens, qui se sont barricad\u00e9s dans la mosqu\u00e9e Al-Aqsa, d\u2019o\u00f9 ils ont jet\u00e9 des chaises et des pierres sur les forces de l\u2019ordre, avant d\u2019\u00eatre dispers\u00e9s, a rapport\u00e9 la police isra\u00e9lienne dans un communiqu\u00e9.<\/p>\n<p>Selon le Waqf, la fondation musulmane sous contr\u00f4le jordanien qui administre l\u2019esplanade des Mosqu\u00e9es, la police a utilis\u00e9 des balles en caoutchouc et des gaz lacrymog\u00e8nes.<\/p>\n<p>D\u2019apr\u00e8s le directeur de la mosqu\u00e9e Al-Aqsa, Omar Kaswani, 45 personnes ont \u00e9t\u00e9 bless\u00e9es, dont une gri\u00e8vement, et sept arr\u00eat\u00e9es. \u00ab\u00a0C\u2019est une violation du statu quo\u00a0\u00bb a-t-il d\u00e9nonc\u00e9 \u00e0 l\u2019AFP, parlant des visites.<\/p>\n<p>La Jordanie a d\u00e9nonc\u00e9 \u00ab\u00a0des violations flagrantes par Isra\u00ebl\u00a0\u00bb sur le site d\u2019Al-Aqsa, \u00e9voquant des \u00ab\u00a0intrusions provocatrices d\u2019extr\u00e9mistes\u00a0\u00bb, qui ont \u00ab\u00a0agress\u00e9 des fid\u00e8les et des cadres du Waqf\u00a0\u00bb. Dans un communiqu\u00e9, le minist\u00e8re jordanien des Affaires \u00e9trang\u00e8res a pr\u00e9cis\u00e9 avoir adress\u00e9 une note \u00e0 Isra\u00ebl pour qu\u2019il mette fin \u00e0 \u00ab\u00a0ses pratiques provocatrices\u00a0\u00bb dans les lieux saints.<\/p>\n<p>Le calme est revenu, a d\u00e9clar\u00e9 de son c\u00f4t\u00e9 le porte-parole de la police isra\u00e9lienne, Micky Rosenfeld \u00e0 l\u2019AFP.<\/p>\n<p>Pour sa part, le ministre isra\u00e9lien de la S\u00e9curit\u00e9 int\u00e9rieure Gilad Erdan a assur\u00e9 dans un communiqu\u00e9 que les autorit\u00e9s avaient tout fait pour laisser le site ouvert \u00ab\u00a0\u00e0 tous ceux qui souhaiteraient le visiter, notamment lors d\u2019un jour sp\u00e9cial comme aujourd\u2019hui\u00a0\u00bb.<\/p>\n<p>Les Isra\u00e9liens c\u00e9l\u00e8brent dimanche la \u00ab\u00a0r\u00e9unification\u00a0\u00bb de J\u00e9rusalem, capitale \u00ab\u00a0indivisible\u00a0\u00bb d\u2019Isra\u00ebl, a pr\u00e9cis\u00e9 le ministre, en r\u00e9f\u00e9rence \u00e0 la prise par Isra\u00ebl de la partie orientale de la ville lors de la guerre de 1967.<\/p>\n<p>L\u2019annexion n\u2019est pas reconnue par la communaut\u00e9 internationale, qui consid\u00e8re J\u00e9rusalem-Est comme occup\u00e9e. Les Palestiniens veulent faire de la partie orientale de la ville la capitale de l\u2019Etat auquel ils aspirent.<\/p>\n<p>Vendredi, plus de 200.000 fid\u00e8les musulmans se sont rassembl\u00e9s sur l\u2019esplanade des Mosqu\u00e9es pour la derni\u00e8re grande pri\u00e8re du vendredi de ramadan. La pri\u00e8re s\u2019est d\u00e9roul\u00e9e sans incident.<\/p>\n<p>J\u00e9rusalem catalyse les tensions du conflit isra\u00e9lo-palestinien. Le processus de paix est enlis\u00e9 depuis des ann\u00e9es.<\/p>\n<p>L\u2019administration du pr\u00e9sident Donald Trump a ulc\u00e9r\u00e9 les Palestiniens par une s\u00e9rie de mesures pro-isra\u00e9liennes, dont la reconnaissance de J\u00e9rusalem comme capitale d\u2019Isra\u00ebl, en rupture avec des d\u00e9cennies de consensus international<\/p>\n<\/div>\n<p>Auteur: AFP<br \/>\n<a href=\"https:\/\/www.journalducameroun.com\/des-dizaines-de-milliers-disraeliens-paradent-pour-celebrer-la-prise-de-jerusalem-est\/\">Cliquez ici pour lire l&rsquo;article depuis sa source.<\/a><\/p>\n","protected":false},"excerpt":{"rendered":"<p>Publi\u00e9 le 02.06.2019 \u00e0 18h50 par AFP Des dizaines de milliers d\u2019Isra\u00e9liens d\u00e9filaient dimanche apr\u00e8s-midi pour c\u00e9l\u00e9brer la \u00ab\u00a0Journ\u00e9e de J\u00e9rusalem\u00a0\u00bb, comm\u00e9morant la prise par leur arm\u00e9e lors de la guerre des Six Jours en 1967, de la Vieille ville, alors sous contr\u00f4le jordanien. Cette marche traditionnelle, qualifi\u00e9e de \u00ab\u00a0danse des drapeaux\u00a0\u00bb r\u00e9unit essentiellement des [&hellip;]<\/p>\n","protected":false},"author":1965,"featured_media":0,"comment_status":"closed","ping_status":"closed","sticky":false,"template":"","format":"standard","meta":{"fifu_image_url":"","fifu_image_alt":"","footnotes":""},"categories":[73,82],"tags":[],"class_list":["post-38364","post","type-post","status-publish","format-standard","hentry","category-actualite","category-cameroun"],"_links":{"self":[{"href":"https:\/\/linitiative.ca\/International\/wp-json\/wp\/v2\/posts\/38364","targetHints":{"allow":["GET"]}}],"collection":[{"href":"https:\/\/linitiative.ca\/International\/wp-json\/wp\/v2\/posts"}],"about":[{"href":"https:\/\/linitiative.ca\/International\/wp-json\/wp\/v2\/types\/post"}],"author":[{"embeddable":true,"href":"https:\/\/linitiative.ca\/International\/wp-json\/wp\/v2\/users\/1965"}],"replies":[{"embeddable":true,"href":"https:\/\/linitiative.ca\/International\/wp-json\/wp\/v2\/comments?post=38364"}],"version-history":[{"count":0,"href":"https:\/\/linitiative.ca\/International\/wp-json\/wp\/v2\/posts\/38364\/revisions"}],"wp:attachment":[{"href":"https:\/\/linitiative.ca\/International\/wp-json\/wp\/v2\/media?parent=38364"}],"wp:term":[{"taxonomy":"category","embeddable":true,"href":"https:\/\/linitiative.ca\/International\/wp-json\/wp\/v2\/categories?post=38364"},{"taxonomy":"post_tag","embeddable":true,"href":"https:\/\/linitiative.ca\/International\/wp-json\/wp\/v2\/tags?post=38364"}],"curies":[{"name":"wp","href":"https:\/\/api.w.org\/{rel}","templated":true}]}}