{"id":38365,"date":"2019-06-02T13:50:08","date_gmt":"2019-06-02T17:50:08","guid":{"rendered":"https:\/\/linitiative.ca\/International\/en-algerie-la-presidentielle-du-4-juillet-annulee-2\/"},"modified":"2019-06-02T13:50:08","modified_gmt":"2019-06-02T17:50:08","slug":"en-algerie-la-presidentielle-du-4-juillet-annulee-2","status":"publish","type":"post","link":"https:\/\/linitiative.ca\/International\/en-algerie-la-presidentielle-du-4-juillet-annulee-2\/","title":{"rendered":"En Alg\u00e9rie, la pr\u00e9sidentielle du 4 juillet annul\u00e9e"},"content":{"rendered":"<div readability=\"32\">\n<p>Publi\u00e9 le 02.06.2019 \u00e0 18h50 par AFP<\/p>\n<\/div>\n<div readability=\"141\">\n<p>Le Conseil constitutionnel en Alg\u00e9rie a annul\u00e9 de facto dimanche l\u2019\u00e9lection pr\u00e9sidentielle pr\u00e9vue le 4 juillet apr\u00e8s avoir invalid\u00e9 les dossiers des deux seuls candidats, pr\u00e9conisant le prolongement du mandat du pr\u00e9sident par int\u00e9rim qui se termine le 9 juillet.<\/p>\n<p>Ce scrutin \u00e9tait cens\u00e9 permettre l\u2019\u00e9lection d\u2019un successeur au pr\u00e9sident Abdelaziz Bouteflika, qui a d\u00e9missionn\u00e9 le 2 avril, sous la pression de la rue et de l\u2019arm\u00e9e.<\/p>\n<p>\u00ab\u00a0Le Conseil constitutionnel rejette les deux dossiers de candidature d\u00e9pos\u00e9s\u00a0\u00bb et annonce par cons\u00e9quent \u00ab\u00a0l\u2019impossibilit\u00e9 de tenir le pr\u00e9sidentielle le 4 juillet\u00a0\u00bb, a indiqu\u00e9 l\u2019institution dans un communiqu\u00e9.<\/p>\n<p>Le Conseil a pr\u00e9cis\u00e9 qu\u2019il revenait au chef de l\u2019Etat par int\u00e9rim de \u00ab\u00a0convoquer de nouveau le corps \u00e9lectoral et de parachever le processus \u00e9lectoral jusqu\u2019\u00e0 l\u2019\u00e9lection du pr\u00e9sident de la R\u00e9publique et la prestation de serment\u00a0\u00bb.<\/p>\n<p>Cette institution sugg\u00e8re ainsi la prolongation du mandat du pr\u00e9sident par int\u00e9rim, Abdelkader Bensalah, nomm\u00e9 le 9 avril apr\u00e8s la d\u00e9mission de M. Bouteflika.<\/p>\n<p>Selon la Constitution, M. Bensalah assume la charge de chef de l\u2019Etat pendant \u00ab\u00a090 jours maximum\u00a0\u00bb, avant de transmettre ses pouvoirs au nouveau pr\u00e9sident \u00e9lu dans l\u2019intervalle.<\/p>\n<p>M. Bensalah, dont la principale mission est d\u2019organiser \u00e0 la pr\u00e9sidentielle, est maintenu de facto \u00e0 son poste au-del\u00e0 des d\u00e9lais pr\u00e9vus par la Constitution.<\/p>\n<p>\u2013 \u00ab\u00a0Victoire pour la rue\u00a0\u00bb \u2013<\/p>\n<p>La pr\u00e9sidentielle du 4 juillet \u00e9tait massivement rejet\u00e9e par les manifestants alg\u00e9riens, qui ont continu\u00e9 de protester apr\u00e8s avoir obtenu la d\u00e9mission de Bouteflika, r\u00e9clamant d\u00e9sormais le d\u00e9part du \u00ab\u00a0syst\u00e8me\u00a0\u00bb au pouvoir.<\/p>\n<p>\u00ab\u00a0D\u00e8s lors que la Constitution pr\u00e9voit que la mission essentielle d\u00e9volue \u00e0 celui investi de la charge de chef de l\u2019Etat est d\u2019organiser la pr\u00e9sidentielle, il y a lieu de r\u00e9unir les conditions ad\u00e9quates pour l\u2019organisation de cette \u00e9lection dans la transparence et la neutralit\u00e9\u00a0\u00bb, a expliqu\u00e9 le Conseil constitutionnel.<\/p>\n<p>\u00ab\u00a0Le report de cette \u00e9lection est une victoire pour la rue, mais une victoire \u00e0 haut risque\u00a0\u00bb, a estim\u00e9 Hasni Abidi, directeur du Centre d\u2019\u00e9tudes et de recherche sur le monde arabe et m\u00e9diterran\u00e9en \u00e0 Gen\u00e8ve.<\/p>\n<p>\u00ab\u00a0Avec cette d\u00e9cision, le pouvoir s\u2019engage dans une voie dont il n\u2019aura plus le contr\u00f4le. L\u2019arm\u00e9e veut montrer qu\u2019elle a fait preuve de bon sens et fait une concession face une rue intransigeante\u00a0\u00bb, a-t-il expliqu\u00e9 \u00e0 l\u2019AFP.<\/p>\n<p>C\u2019est \u00ab\u00a0un d\u00e9fi pour le hirak (mouvement de contestation) et la classe politique, qui sont ainsi priv\u00e9s d\u2019un facteur de taille pour se mobiliser\u00a0\u00bb, a estim\u00e9 M. Abidi.<\/p>\n<p>\u2013 \u00ab\u00a0Recul significatif\u00a0\u00bb \u2013<\/p>\n<p>Le report de cette \u00e9lection \u00e9tait l\u2019une des principales revendications du mouvement de contestation, qui refuse tout scrutin organis\u00e9 par l\u2019appareil h\u00e9rit\u00e9 des 20 ans de pr\u00e9sidence de M. Bouteflika.<\/p>\n<p>Les manifestants r\u00e9clament au pr\u00e9alable le d\u00e9part des dirigeants actuels ayant particip\u00e9 au r\u00e9gime de M. Bouteflika, parmi lesquels le g\u00e9n\u00e9ral Ahmed Gaid Salah, chef d\u2019\u00e9tat-major de l\u2019arm\u00e9e depuis 2004.<\/p>\n<p>Devenu le v\u00e9ritable d\u00e9tenteur du pouvoir depuis le d\u00e9part de M. Bouteflika, le g\u00e9n\u00e9ral Ga\u00efd Salah a r\u00e9clam\u00e9 la semaine derni\u00e8re des \u00ab\u00a0concessions mutuelles\u00a0\u00bb dans le cadre d\u2019un \u00ab\u00a0dialogue\u00a0\u00bb dont il n\u2019a pas d\u00e9fini les formes, et une pr\u00e9sidentielle \u00ab\u00a0dans les plus brefs d\u00e9lais\u00a0\u00bb, sans \u00e9voquer la date du 4 juillet.<\/p>\n<p>Pour Smail Maaraf, professeur de droit \u00e0 l\u2019Universit\u00e9 d\u2019Alger, \u00ab\u00a0le scrutin du 4 juillet \u00e9tait le plan A des autorit\u00e9s ou plut\u00f4t de Ga\u00efd Salah\u00a0\u00bb. Mais \u00ab\u00a0son rejet par la rue et l\u2019absence de candidats ont contraint le pouvoir \u00e0 reporter ce scrutin\u00a0\u00bb, a-t-il pr\u00e9cis\u00e9 \u00e0 l\u2019AFP.<\/p>\n<p>Le pouvoir parie sur \u00ab\u00a0un essoufflement\u00a0\u00bb du mouvement de contestation durant les vacances d\u2019\u00e9t\u00e9, a estim\u00e9 M. Maaraf.<\/p>\n<p>Selon lui, les autorit\u00e9s esp\u00e8rent que \u00ab\u00a0cela ouvrira la voie au retour des partis politiques qui ont \u00e9t\u00e9 \u00e9clips\u00e9s par le hirak et \u00e0 des candidatures traditionnelles\u00a0\u00bb, comme celle d\u2019Ali Benflis, principal adversaire de M. Bouteflika aux pr\u00e9sidentielles de 2004 et 2014.<\/p>\n<p>Le plus ancien parti d\u2019opposition du pays, le Front des forces socialistes (FFS) a estim\u00e9 que \u00ab\u00a0ce recul significatif des d\u00e9cideurs (\u00e9tait) la cons\u00e9cration de plusieurs semaines de mobilisation et de d\u00e9termination populaires\u00a0\u00bb.<\/p>\n<\/div>\n<p>Auteur: AFP<br \/>\n<a href=\"https:\/\/www.journalducameroun.com\/en-algerie-la-presidentielle-du-4-juillet-annulee-2\/\">Cliquez ici pour lire l&rsquo;article depuis sa source.<\/a><\/p>\n","protected":false},"excerpt":{"rendered":"<p>Publi\u00e9 le 02.06.2019 \u00e0 18h50 par AFP Le Conseil constitutionnel en Alg\u00e9rie a annul\u00e9 de facto dimanche l\u2019\u00e9lection pr\u00e9sidentielle pr\u00e9vue le 4 juillet apr\u00e8s avoir invalid\u00e9 les dossiers des deux seuls candidats, pr\u00e9conisant le prolongement du mandat du pr\u00e9sident par int\u00e9rim qui se termine le 9 juillet. Ce scrutin \u00e9tait cens\u00e9 permettre l\u2019\u00e9lection d\u2019un successeur [&hellip;]<\/p>\n","protected":false},"author":1965,"featured_media":0,"comment_status":"closed","ping_status":"closed","sticky":false,"template":"","format":"standard","meta":{"fifu_image_url":"","fifu_image_alt":"","footnotes":""},"categories":[73,82],"tags":[],"class_list":["post-38365","post","type-post","status-publish","format-standard","hentry","category-actualite","category-cameroun"],"_links":{"self":[{"href":"https:\/\/linitiative.ca\/International\/wp-json\/wp\/v2\/posts\/38365","targetHints":{"allow":["GET"]}}],"collection":[{"href":"https:\/\/linitiative.ca\/International\/wp-json\/wp\/v2\/posts"}],"about":[{"href":"https:\/\/linitiative.ca\/International\/wp-json\/wp\/v2\/types\/post"}],"author":[{"embeddable":true,"href":"https:\/\/linitiative.ca\/International\/wp-json\/wp\/v2\/users\/1965"}],"replies":[{"embeddable":true,"href":"https:\/\/linitiative.ca\/International\/wp-json\/wp\/v2\/comments?post=38365"}],"version-history":[{"count":0,"href":"https:\/\/linitiative.ca\/International\/wp-json\/wp\/v2\/posts\/38365\/revisions"}],"wp:attachment":[{"href":"https:\/\/linitiative.ca\/International\/wp-json\/wp\/v2\/media?parent=38365"}],"wp:term":[{"taxonomy":"category","embeddable":true,"href":"https:\/\/linitiative.ca\/International\/wp-json\/wp\/v2\/categories?post=38365"},{"taxonomy":"post_tag","embeddable":true,"href":"https:\/\/linitiative.ca\/International\/wp-json\/wp\/v2\/tags?post=38365"}],"curies":[{"name":"wp","href":"https:\/\/api.w.org\/{rel}","templated":true}]}}