{"id":38366,"date":"2019-06-02T13:50:11","date_gmt":"2019-06-02T17:50:11","guid":{"rendered":"https:\/\/linitiative.ca\/International\/tunisie-le-premier-ministre-devient-chef-de-parti\/"},"modified":"2019-06-02T13:50:11","modified_gmt":"2019-06-02T17:50:11","slug":"tunisie-le-premier-ministre-devient-chef-de-parti","status":"publish","type":"post","link":"https:\/\/linitiative.ca\/International\/tunisie-le-premier-ministre-devient-chef-de-parti\/","title":{"rendered":"Tunisie: le Premier ministre devient chef de parti"},"content":{"rendered":"<div readability=\"32\">\n<p>Publi\u00e9 le 02.06.2019 \u00e0 18h50 par AFP<\/p>\n<\/div>\n<div readability=\"80\">\n<p>Le Premier ministre tunisien Youssef Chahed a \u00e9t\u00e9 officiellement \u00e9lu \u00e0 la t\u00eate du parti lanc\u00e9 en janvier par ses partisans, Tahya Tounes, a indiqu\u00e9 cette formation dimanche, \u00e0 quelques mois de scrutins nationaux incertains.<\/p>\n<p>Un ancien pilier du r\u00e9gime du pr\u00e9sident d\u00e9chu Zine el Abidine Ben Ali, Kamel Morjane, a \u00e9t\u00e9 \u00e9lu pr\u00e9sident du Conseil national du parti lors de la premi\u00e8re r\u00e9union de cet organe samedi, a pr\u00e9cis\u00e9 Ali Baccar, l\u2019attach\u00e9 de presse du parti. Ce Conseil sera charg\u00e9 de choisir les candidats pour la pr\u00e9sidentielle de novembre et les l\u00e9gislatives d\u2019octobre.<\/p>\n<p>M. Chahed n\u2019a pas pour autant pr\u00e9vu de quitter son poste de Premier ministre d\u2019ici les \u00e9lections, ont indiqu\u00e9 des membres du parti, alors que des d\u00e9tracteurs lui reprochent de faire campagne depuis la pr\u00e9sidence du gouvernement.<\/p>\n<p>De son c\u00f4t\u00e9, le parti d\u2019inspiration islamiste Ennahdha a indiqu\u00e9 qu\u2019il continuait \u00e0 soutenir le chef du gouvernement. \u00ab\u00a0On est avec M. Chahed, nous soutenons le gouvernement tant que M. Chahed n\u2019est pas candidat\u00a0\u00bb, a indiqu\u00e9 le chef d\u2019Ennahdha, Rached Ghannouchi, sur la radio priv\u00e9e Mosa\u00efque, ajoutant \u00ab\u00a0s\u2019il annonce sa candidature, \u00e7a sera une situation diff\u00e9rente qui n\u00e9cessite r\u00e9flexion\u00a0\u00bb.<\/p>\n<p>Tahya Tounes, appuy\u00e9 sur le deuxi\u00e8me plus important bloc parlementaire, est n\u00e9 apr\u00e8s des scissions au sein du parti pr\u00e9sidentiel Nidaa Tounes, lanc\u00e9 en 2012 et qui avait permis au pr\u00e9sident B\u00e9ji Ca\u00efd Essbsi d\u2019acc\u00e9der au pouvoir.<\/p>\n<p>Les deux formations partagent le m\u00eame positionnement s\u00e9culariste et moderniste face \u00e0 Ennahdha, principale force au Parlement.<\/p>\n<p>Berceau du Printemps arabe ayant abouti \u00e0 l\u2019\u00e9viction de plusieurs dictateurs, la Tunisie est le seul des pays touch\u00e9s par les soul\u00e8vements de 2011 \u00e0 poursuivre sur la voie de la d\u00e9mocratisation.<\/p>\n<\/div>\n<p>Auteur: AFP<br \/>\n<a href=\"https:\/\/www.journalducameroun.com\/tunisie-le-premier-ministre-devient-chef-de-parti\/\">Cliquez ici pour lire l&rsquo;article depuis sa source.<\/a><\/p>\n","protected":false},"excerpt":{"rendered":"<p>Publi\u00e9 le 02.06.2019 \u00e0 18h50 par AFP Le Premier ministre tunisien Youssef Chahed a \u00e9t\u00e9 officiellement \u00e9lu \u00e0 la t\u00eate du parti lanc\u00e9 en janvier par ses partisans, Tahya Tounes, a indiqu\u00e9 cette formation dimanche, \u00e0 quelques mois de scrutins nationaux incertains. Un ancien pilier du r\u00e9gime du pr\u00e9sident d\u00e9chu Zine el Abidine Ben Ali, [&hellip;]<\/p>\n","protected":false},"author":1965,"featured_media":0,"comment_status":"closed","ping_status":"closed","sticky":false,"template":"","format":"standard","meta":{"fifu_image_url":"","fifu_image_alt":"","footnotes":""},"categories":[73,82],"tags":[],"class_list":["post-38366","post","type-post","status-publish","format-standard","hentry","category-actualite","category-cameroun"],"_links":{"self":[{"href":"https:\/\/linitiative.ca\/International\/wp-json\/wp\/v2\/posts\/38366","targetHints":{"allow":["GET"]}}],"collection":[{"href":"https:\/\/linitiative.ca\/International\/wp-json\/wp\/v2\/posts"}],"about":[{"href":"https:\/\/linitiative.ca\/International\/wp-json\/wp\/v2\/types\/post"}],"author":[{"embeddable":true,"href":"https:\/\/linitiative.ca\/International\/wp-json\/wp\/v2\/users\/1965"}],"replies":[{"embeddable":true,"href":"https:\/\/linitiative.ca\/International\/wp-json\/wp\/v2\/comments?post=38366"}],"version-history":[{"count":0,"href":"https:\/\/linitiative.ca\/International\/wp-json\/wp\/v2\/posts\/38366\/revisions"}],"wp:attachment":[{"href":"https:\/\/linitiative.ca\/International\/wp-json\/wp\/v2\/media?parent=38366"}],"wp:term":[{"taxonomy":"category","embeddable":true,"href":"https:\/\/linitiative.ca\/International\/wp-json\/wp\/v2\/categories?post=38366"},{"taxonomy":"post_tag","embeddable":true,"href":"https:\/\/linitiative.ca\/International\/wp-json\/wp\/v2\/tags?post=38366"}],"curies":[{"name":"wp","href":"https:\/\/api.w.org\/{rel}","templated":true}]}}