{"id":38393,"date":"2019-06-02T14:30:32","date_gmt":"2019-06-02T18:30:32","guid":{"rendered":"https:\/\/linitiative.ca\/International\/veillees-religieuses-a-loccasion-de-laylat-al-qadr\/"},"modified":"2019-06-02T14:30:32","modified_gmt":"2019-06-02T18:30:32","slug":"veillees-religieuses-a-loccasion-de-laylat-al-qadr","status":"publish","type":"post","link":"https:\/\/linitiative.ca\/International\/veillees-religieuses-a-loccasion-de-laylat-al-qadr\/","title":{"rendered":"Veill\u00e9es religieuses \u00e0 l\u2019occasion de Laylat Al Qadr"},"content":{"rendered":"<p>Ainsi, \u00e0 la Zaouiya El Kadiriya, il a \u00e9t\u00e9 proc\u00e9d\u00e9 samedi soir \u00e0 l\u2019organisation de la finale de la 4\u00e8 \u00e9dition du concours provincial ramadanesque d\u00e9di\u00e9 au Saint Coran et ce, \u00e0 l\u2019initiative de l\u2019association \u00a0\u00bbJeunes pour l\u2019art authentique et le patrimoine de la Zaouia El Kadiriya\u00a0\u00bb, en partenariat avec l\u2019association \u00a0\u00bbAl Ihssane de la mosqu\u00e9e centrale\u00a0\u00bb \u00e0 Lekrimate, et en coordination avec la d\u00e9l\u00e9gation provinciale des affaires islamiques et du conseil local des oul\u00e9ma.<\/p>\n<p>Les diff\u00e9rentes \u00e9liminatoires de cette \u00e9dition, organis\u00e9e tout au long du mois sacr\u00e9 de Ramadan, ont connu la participation de 180 talibs issus de 6 anciennes medrassas coraniques de Haha et Chiadma, et autres 6 \u00e9coles coraniques, outre des jeunes talents en m\u00e9morisation et d\u00e9clamation du Saint Coran.<\/p>\n<p>Pour des questions d\u2019organisation, chaque \u00e9cole coranique a pr\u00e9sent\u00e9 trois candidats connus par leur parfaite ma\u00eetrise des r\u00e8gles de la lecture et psalmodie du Saint Coran, ainsi que des candidats ayant m\u00e9moris\u00e9 le Livre Saint dans son int\u00e9gralit\u00e9.<\/p>\n<p>Ainsi, le prix du D\u00e9clamateur d\u2019Essaouira est revenu \u00e0 Abdelhakim El Harkati, suivi de Abdelhamid Hertal (2\u00e8) et de Isma\u00efl El Moustaiid (3\u00e8), alors que chez les femmes, le titre de D\u00e9clamatrice d\u2019Essaouira est revenu \u00e0 Rania Belaasri.<\/p>\n<p>Chez les petits gar\u00e7ons (6 \u00e0 10 ans), la premi\u00e8re place est revenue \u00e0 Selmane Iblalen, suivi de Mouad Oussayed (2\u00e8) et Yassine El Acham (3\u00e8).<\/p>\n<p>Chez les petites filles (6 \u00e0 10 ans), Aya Khachna s\u2019est adjug\u00e9e la premi\u00e8re place, suivie par Ikhlass El Hadrami, et Douaa Idaabou (3\u00e8).<\/p>\n<p>Dans la cat\u00e9gorie jeunes hommes (11 \u00e0 14 ans), la premi\u00e8re place a \u00e9t\u00e9 d\u00e9croch\u00e9e par Chihabeddine Aboukessam, suivi d\u2019Abdelaziz Settar et de Omar Mehrat.<\/p>\n<p>Chez les jeunes filles (11 \u00e0 14 ans), Asmae Ouazade a remport\u00e9 le 1er prix, suivie de Khaoula Errafii (2\u00e8 position), et Imane Amourghi (3\u00e8).<\/p>\n<p>Chez les Grands (15 ans et plus), Said El Machhi a remport\u00e9 le 1er prix, suivi respectivement d\u2019El Houcine Rouhibi et Abdelghafour Echabar.<\/p>\n<p>Dans la cat\u00e9gorie des Grandes (15 ans et plus), la premi\u00e8re place est revenue \u00e0 Hajar Enaanii, suivie de Sakina Al Akhtar (2\u00e8) et Rihana Ouzid en 3\u00e8 place.<\/p>\n<p>Quant au prix du candidat le plus jeune, il a \u00e9t\u00e9 remport\u00e9 par Mouslim Cherkaoui.<\/p>\n<p>L\u2019assistance a \u00e9t\u00e9 ainsi convi\u00e9e \u00e0 prendre part \u00e0 une s\u00e9rie de s\u00e9ances de psalmodie de versets du Saint Coran ex\u00e9cut\u00e9s par les laur\u00e9ats des premiers prix de ce concours, suivi de s\u00e9ances de Sama\u00e2 et de Madih.<\/p>\n<p>A l\u2019issue de cette c\u00e9r\u00e9monie religieuse et spirituelle, l\u2019assistance a \u00e9lev\u00e9 des pri\u00e8res au Tout-Puissant pour accorder sant\u00e9 et longue vie \u00e0 SM le Roi Mohammed VI, de prot\u00e9ger et d\u2019assister le Souverain dans toutes Ses oeuvres pour le bien-\u00eatre et la prosp\u00e9rit\u00e9 de la Nation, et de Le combler en la personne de SAR le Prince H\u00e9ritier Moulay El Hassan, de SAR le Prince Moulay Rachid et de l\u2019ensemble des membres de l\u2019Illustre famille Royale.<\/p>\n<p>Des pri\u00e8res ont \u00e9t\u00e9 \u00e9galement \u00e9lev\u00e9es pour le repos de l\u2019\u00e2me des regrett\u00e9s Souverains Feu Sa Majest\u00e9 Mohammed V et Feu Sa Majest\u00e9 Hassan II.<\/p>\n<p>A Dar Souiri, les habitants et les visiteurs de la cit\u00e9 des Aliz\u00e9s ont \u00e9t\u00e9, vendredi soir, au rendez-vous avec une soir\u00e9e ramadanesque d\u00e9di\u00e9e \u00e0 la psalmodie du Saint Coran et ce, \u00e0 l\u2019initiative de l\u2019association \u00a0\u00bbArrissala\u00a0\u00bb pour l\u2019\u00e9ducation et l\u2019estivage, en partenariat avec l\u2019Association Essaouira-Mogador.<\/p>\n<p>Ayant r\u00e9uni les d\u00e9clamateurs du Saint Coran parmi les voix les plus magnifiques de la ville d\u2019Essaouira, cette soir\u00e9e religieuse s\u2019inscrit dans le cadre d\u2019une s\u00e9rie d\u2019activit\u00e9s programm\u00e9es par l\u2019Association Essaouira-Mogador tout au long du mois b\u00e9ni de Ramadan.<\/p>\n<p>Dans une ambiance de pi\u00e9t\u00e9, de recueillement, et de partage, les d\u00e9clamateurs Mustapha Iblallen, Anas Slimani, Abdelfettah El Morattab, et Ahmed Ahmouss ont convi\u00e9 le public pr\u00e9sent \u00e0 des s\u00e9ances d\u00e9di\u00e9es \u00e0 la d\u00e9clamation et \u00e0 la r\u00e9citation de versets du Saint Coran.<\/p>\n<p>L\u2019un des moments forts de cette soir\u00e9e a \u00e9t\u00e9 la s\u00e9ance \u00a0\u00bbQuestions du public\u00a0\u00bb au cours de laquelle l\u2019assistance a fait montre d\u2019un int\u00e9r\u00eat particulier, via une s\u00e9rie de questionnements pos\u00e9s, pour le Saint Coran, ses sciences, ses messages et ses significations les plus profondes.<\/p>\n<p>Cette soir\u00e9e a \u00e9t\u00e9 \u00e9galement agr\u00e9ment\u00e9e par la participation de jeunes gagnants aux coucours de psalmodie et de d\u00e9clamation du Saint Coran, organis\u00e9s \u00e0 l\u2019\u00e9chelle locale, comme sur les plans r\u00e9gional et national.<\/p>\n<p>A l\u2019issue de cette soir\u00e9e spirituelle, un hommage a \u00e9t\u00e9 rendu au laur\u00e9at du concours national de D\u00e9clamation du Saint Coran \u00e0 T\u00e9touan, l\u2019enfant Mohamed Ali iddou, et Doha Iddou ainsi qu\u2019\u00e0 leur p\u00e8re et ce, en signe de reconnaissance des efforts d\u00e9ploy\u00e9s par la famille pour inciter ses enfants \u00e0 la m\u00e9morisation et \u00e0 la d\u00e9clamation du Saint Coran.<\/p>\n<p>Toujours dans le cadre des activit\u00e9s programm\u00e9es au titre du mois sacr\u00e9 de Ramadan, l\u2019Association Essaouira-Mogador a concoct\u00e9 un programme d\u00e9di\u00e9 aux passionn\u00e9s du 7\u00e8 art, \u00e0 travers la projection tout au long du mois b\u00e9ni de chefs d\u2019oeuvre du cin\u00e9ma mondial d\u00e9di\u00e9s aux trois religions monoth\u00e9istes dont : \u00a0\u00bbCrini\u00e8re au vent : une \u00e2me indomptable\u00a0\u00bb de Sergey Bodrov, \u00a0\u00bbArrissala\u00a0\u00bb (le Message) de Moustapha Akkad, \u00a0\u00bbLa Bible\u00a0\u00bb de John Huston, \u00a0\u00bbles hommes libres\u00a0\u00bb, d\u2019Isma\u00efl Ferroukhi, et \u00a0\u00bbles Dix commandements\u00a0\u00bb de Cecil B. DeMile.<\/p>\n<p>Les cin\u00e9philes ont \u00e9t\u00e9 \u00e9galement au rendez-vous avec \u00a0\u00bbLa passion du Christ\u00a0\u00bb de Mel Gibson, \u00a0\u00bbLe dernier des Mohicans\u00a0\u00bb de Michael Wann, et \u00a0\u00bbAmazing Grace\u00a0\u00bb de Michael Apted.<\/p>\n<p>Auteur: Meriem IGASS<br \/>\n<a href=\"http:\/\/www.mapmarrakech.ma\/fr\/grandes-veillees-religieuses-a-loccasion-de-laylat-al-qadr\/\">Cliquez ici pour lire l&rsquo;article depuis sa source.<\/a><\/p>\n","protected":false},"excerpt":{"rendered":"<p>Ainsi, \u00e0 la Zaouiya El Kadiriya, il a \u00e9t\u00e9 proc\u00e9d\u00e9 samedi soir \u00e0 l\u2019organisation de la finale de la 4\u00e8 \u00e9dition du concours provincial ramadanesque d\u00e9di\u00e9 au Saint Coran et ce, \u00e0 l\u2019initiative de l\u2019association \u00a0\u00bbJeunes pour l\u2019art authentique et le patrimoine de la Zaouia El Kadiriya\u00a0\u00bb, en partenariat avec l\u2019association \u00a0\u00bbAl Ihssane de la [&hellip;]<\/p>\n","protected":false},"author":1788,"featured_media":0,"comment_status":"closed","ping_status":"closed","sticky":false,"template":"","format":"standard","meta":{"fifu_image_url":"","fifu_image_alt":"","footnotes":""},"categories":[54,76],"tags":[],"class_list":["post-38393","post","type-post","status-publish","format-standard","hentry","category-maroc","category-regions"],"_links":{"self":[{"href":"https:\/\/linitiative.ca\/International\/wp-json\/wp\/v2\/posts\/38393","targetHints":{"allow":["GET"]}}],"collection":[{"href":"https:\/\/linitiative.ca\/International\/wp-json\/wp\/v2\/posts"}],"about":[{"href":"https:\/\/linitiative.ca\/International\/wp-json\/wp\/v2\/types\/post"}],"author":[{"embeddable":true,"href":"https:\/\/linitiative.ca\/International\/wp-json\/wp\/v2\/users\/1788"}],"replies":[{"embeddable":true,"href":"https:\/\/linitiative.ca\/International\/wp-json\/wp\/v2\/comments?post=38393"}],"version-history":[{"count":0,"href":"https:\/\/linitiative.ca\/International\/wp-json\/wp\/v2\/posts\/38393\/revisions"}],"wp:attachment":[{"href":"https:\/\/linitiative.ca\/International\/wp-json\/wp\/v2\/media?parent=38393"}],"wp:term":[{"taxonomy":"category","embeddable":true,"href":"https:\/\/linitiative.ca\/International\/wp-json\/wp\/v2\/categories?post=38393"},{"taxonomy":"post_tag","embeddable":true,"href":"https:\/\/linitiative.ca\/International\/wp-json\/wp\/v2\/tags?post=38393"}],"curies":[{"name":"wp","href":"https:\/\/api.w.org\/{rel}","templated":true}]}}