{"id":38410,"date":"2019-06-02T21:44:11","date_gmt":"2019-06-03T01:44:11","guid":{"rendered":"https:\/\/linitiative.ca\/International\/lenfant-present-dans-les-programmes-des-etablissements-culturels-2\/"},"modified":"2019-06-02T21:44:11","modified_gmt":"2019-06-03T01:44:11","slug":"lenfant-present-dans-les-programmes-des-etablissements-culturels-2","status":"publish","type":"post","link":"https:\/\/linitiative.ca\/International\/lenfant-present-dans-les-programmes-des-etablissements-culturels-2\/","title":{"rendered":"L\u2019enfant pr\u00e9sent dans les programmes des \u00e9tablissements culturels"},"content":{"rendered":"<div>\n<div class=\"K2FeedImage\"><img decoding=\"async\" src=\"http:\/\/www.aps.dz\/media\/k2\/items\/cache\/279b77f49890eaf0f4e5ec0a23caa2cc_S.jpg\" alt=\"L\u2019enfant pr\u00e9sent dans les programmes des \u00e9tablissements culturels\"><\/div>\n<div class=\"K2FeedIntroText\">\n<p><strong>ALGER &#8211; La ministre de la Culture, Meriem Merdaci, a affirm\u00e9 samedi \u00e0 Alger que les \u00e9tablissements culturels consacraient une part importante de leurs activit\u00e9s aux programmes destin\u00e9s aux enfants, \u00e0 l&rsquo;occasion de la journ\u00e9e de l&rsquo;enfance c\u00e9l\u00e9br\u00e9e le 1er juin de chaque ann\u00e9e.<\/strong><\/p>\n<\/div>\n<div class=\"K2FeedFullText\">\n<p>S\u2019exprimant en marge de la c\u00e9l\u00e9bration de la Journ\u00e9e internationale des droits de l&rsquo;enfant, Mme Merdaci, a rappel\u00e9 que \u00ab\u00a0le droit \u00e0 la culture est reconnu \u00e0 tous les citoyens\u00a0\u00bb alg\u00e9riens et que l\u2019enfant b\u00e9n\u00e9ficiait de programmes culturels \u00e0 longueur d\u2019ann\u00e9e, notamment pendant le ramadan.<\/p>\n<p>La ministre a insist\u00e9 sur l\u2019importance d\u2019inculquer aux enfants alg\u00e9riens la culture de leur pays \u00e0 travers la lecture et le cin\u00e9ma, soulignant que cette date \u00e9tait une occasion importante pour \u00ab\u00a0sensibiliser les parents sur les droits de l\u2019enfant\u00a0\u00bb.<\/p>\n<p>La ministre assistait \u00e0 un spectacle de l\u2019inchad anim\u00e9 par une troupe de Gharadia \u00e0 la salle Atlas qui a trac\u00e9 un programme de divertissement pour enfants \u00e0 l\u2019occasion de cette journ\u00e9e.<\/p>\n<\/div>\n<\/div>\n<p>Auteur:<br \/>\n<a href=\"http:\/\/www.aps.dz\/culture\/90172-l-enfant-present-dans-les-programmes-des-etablissements-culturels\">Cliquez ici pour lire l&rsquo;article depuis sa source.<\/a><\/p>\n","protected":false},"excerpt":{"rendered":"<p>ALGER &#8211; La ministre de la Culture, Meriem Merdaci, a affirm\u00e9 samedi \u00e0 Alger que les \u00e9tablissements culturels consacraient une part importante de leurs activit\u00e9s aux programmes destin\u00e9s aux enfants, \u00e0 l&rsquo;occasion de la journ\u00e9e de l&rsquo;enfance c\u00e9l\u00e9br\u00e9e le 1er juin de chaque ann\u00e9e. S\u2019exprimant en marge de la c\u00e9l\u00e9bration de la Journ\u00e9e internationale des [&hellip;]<\/p>\n","protected":false},"author":1790,"featured_media":38413,"comment_status":"closed","ping_status":"closed","sticky":false,"template":"","format":"standard","meta":{"fifu_image_url":"","fifu_image_alt":"","footnotes":""},"categories":[53,79],"tags":[],"class_list":["post-38410","post","type-post","status-publish","format-standard","has-post-thumbnail","hentry","category-algerie","category-culture"],"_links":{"self":[{"href":"https:\/\/linitiative.ca\/International\/wp-json\/wp\/v2\/posts\/38410","targetHints":{"allow":["GET"]}}],"collection":[{"href":"https:\/\/linitiative.ca\/International\/wp-json\/wp\/v2\/posts"}],"about":[{"href":"https:\/\/linitiative.ca\/International\/wp-json\/wp\/v2\/types\/post"}],"author":[{"embeddable":true,"href":"https:\/\/linitiative.ca\/International\/wp-json\/wp\/v2\/users\/1790"}],"replies":[{"embeddable":true,"href":"https:\/\/linitiative.ca\/International\/wp-json\/wp\/v2\/comments?post=38410"}],"version-history":[{"count":0,"href":"https:\/\/linitiative.ca\/International\/wp-json\/wp\/v2\/posts\/38410\/revisions"}],"wp:featuredmedia":[{"embeddable":true,"href":"https:\/\/linitiative.ca\/International\/wp-json\/"}],"wp:attachment":[{"href":"https:\/\/linitiative.ca\/International\/wp-json\/wp\/v2\/media?parent=38410"}],"wp:term":[{"taxonomy":"category","embeddable":true,"href":"https:\/\/linitiative.ca\/International\/wp-json\/wp\/v2\/categories?post=38410"},{"taxonomy":"post_tag","embeddable":true,"href":"https:\/\/linitiative.ca\/International\/wp-json\/wp\/v2\/tags?post=38410"}],"curies":[{"name":"wp","href":"https:\/\/api.w.org\/{rel}","templated":true}]}}