{"id":38429,"date":"2019-06-03T08:17:17","date_gmt":"2019-06-03T12:17:17","guid":{"rendered":"https:\/\/linitiative.ca\/International\/secteur-de-ledition-et-du-livre-577-projets-soutenus\/"},"modified":"2019-06-03T08:17:17","modified_gmt":"2019-06-03T12:17:17","slug":"secteur-de-ledition-et-du-livre-577-projets-soutenus","status":"publish","type":"post","link":"https:\/\/linitiative.ca\/International\/secteur-de-ledition-et-du-livre-577-projets-soutenus\/","title":{"rendered":"Secteur de l\u2019\u00e9dition et du livre : 577 projets soutenus"},"content":{"rendered":"<header>\n<div class=\"entry-post-meta\">\n<div class=\"author-link\">Publi\u00e9 par <a itemprop=\"author\" itemscope=\"\" itemtype=\"https:\/\/schema.org\/Person\" href=\"http:\/\/aujourdhui.ma\/profile\/kaid\" rel=\"author\"><span itemprop=\"name\">ALM<\/span><\/a><\/div>\n<p>Date\u00a0:<time content=\"2019-06-03T12:17:17+00:00\" class=\"entry-date updated\" datetime=\"2019-06-03T12:17:17+00:00\">juin 03, 2019<\/time><\/p>\n<div class=\"entry-cat\">dans:<a href=\"http:\/\/aujourdhui.ma\/category\/culture\/livre\" rel=\"category tag\">Livre<\/a><\/div>\n<p>5Vues<\/p>\n<\/div>\n<\/header>\n<div class=\"entry-content clearfix\" readability=\"40\"><img decoding=\"async\" class=\"post_layout_5_img\" src=\"http:\/\/aujourdhui.ma\/wp-content\/uploads\/2019\/03\/livres-1.jpg?x29840\" alt=\"Secteur de l\u2019\u00e9dition et du livre : 577 projets soutenus\"\/><\/p>\n<p class=\"p1\"><span class=\"s1\">Quelque 577 projets ont b\u00e9n\u00e9fici\u00e9 du soutien accord\u00e9 par le minist\u00e8re de la culture et de la communication d\u00e9partement de la culture- \u00e0 la fili\u00e8re de l\u2019\u00e9dition, du livre et de la lecture publique, au titre de l\u2019ann\u00e9e 2019, pour une enveloppe budg\u00e9taire globale de 11.214.300 dirhams, soit une hausse de plus de 2 millions par rapport \u00e0 2018, indique le minist\u00e8re.<\/span><\/p>\n<\/div>\n<p>Auteur: ALM<br \/>\n<a href=\"http:\/\/aujourdhui.ma\/culture\/livre\/secteur-de-ledition-et-du-livre-577-projets-soutenus\">Cliquez ici pour lire l&rsquo;article depuis sa source.<\/a><\/p>\n","protected":false},"excerpt":{"rendered":"<p>Publi\u00e9 par ALM Date\u00a0:juin 03, 2019 dans:Livre 5Vues Quelque 577 projets ont b\u00e9n\u00e9fici\u00e9 du soutien accord\u00e9 par le minist\u00e8re de la culture et de la communication d\u00e9partement de la culture- \u00e0 la fili\u00e8re de l\u2019\u00e9dition, du livre et de la lecture publique, au titre de l\u2019ann\u00e9e 2019, pour une enveloppe budg\u00e9taire globale de 11.214.300 dirhams, [&hellip;]<\/p>\n","protected":false},"author":1759,"featured_media":0,"comment_status":"closed","ping_status":"closed","sticky":false,"template":"","format":"standard","meta":{"fifu_image_url":"","fifu_image_alt":"","footnotes":""},"categories":[73,54],"tags":[],"class_list":["post-38429","post","type-post","status-publish","format-standard","hentry","category-actualite","category-maroc"],"_links":{"self":[{"href":"https:\/\/linitiative.ca\/International\/wp-json\/wp\/v2\/posts\/38429","targetHints":{"allow":["GET"]}}],"collection":[{"href":"https:\/\/linitiative.ca\/International\/wp-json\/wp\/v2\/posts"}],"about":[{"href":"https:\/\/linitiative.ca\/International\/wp-json\/wp\/v2\/types\/post"}],"author":[{"embeddable":true,"href":"https:\/\/linitiative.ca\/International\/wp-json\/wp\/v2\/users\/1759"}],"replies":[{"embeddable":true,"href":"https:\/\/linitiative.ca\/International\/wp-json\/wp\/v2\/comments?post=38429"}],"version-history":[{"count":0,"href":"https:\/\/linitiative.ca\/International\/wp-json\/wp\/v2\/posts\/38429\/revisions"}],"wp:attachment":[{"href":"https:\/\/linitiative.ca\/International\/wp-json\/wp\/v2\/media?parent=38429"}],"wp:term":[{"taxonomy":"category","embeddable":true,"href":"https:\/\/linitiative.ca\/International\/wp-json\/wp\/v2\/categories?post=38429"},{"taxonomy":"post_tag","embeddable":true,"href":"https:\/\/linitiative.ca\/International\/wp-json\/wp\/v2\/tags?post=38429"}],"curies":[{"name":"wp","href":"https:\/\/api.w.org\/{rel}","templated":true}]}}