{"id":38488,"date":"2019-06-03T15:14:04","date_gmt":"2019-06-03T19:14:04","guid":{"rendered":"https:\/\/linitiative.ca\/International\/ligue-1-2-jsk-mellal-oukaci-sera-repeche\/"},"modified":"2019-06-03T15:14:04","modified_gmt":"2019-06-03T19:14:04","slug":"ligue-1-2-jsk-mellal-oukaci-sera-repeche","status":"publish","type":"post","link":"https:\/\/linitiative.ca\/International\/ligue-1-2-jsk-mellal-oukaci-sera-repeche\/","title":{"rendered":"Ligue 1 &amp; 2 : JSK &#8211; Mellal: \u00abOukaci sera rep\u00each\u00e9\u00bb"},"content":{"rendered":"<div readability=\"32\">\n<p>Auteur : <span>Ly\u00e8s Aouiche<\/span> <span class=\"time\">lundi 03 juin 2019 13:32<\/span><\/p>\n<\/div>\n<div id=\"post_core\" readability=\"111\">\n<p>En d\u00e9placement, hier, en France, le pr\u00e9sident de la JSK Cherif Mellal a anim\u00e9 une conf\u00e9rence de presse, en pr\u00e9sence de plusieurs supporters du club \u00e0 Paris. Ce dernier est revenu sur l&rsquo;actualit\u00e9 du club et les dossiers br\u00fblants de cette p\u00e9riode, notamment le recrutement, le stage entre autres. D&#8217;embl\u00e9e, le boss a confirm\u00e9 le retour du milieu de terrain Juba Oukaci en d\u00e9clarant : \u00abEffectivement, Oukaci va \u00eatre rep\u00each\u00e9. C&rsquo;est un enfant du club qui m\u00e9rite une seconde chance. On s&rsquo;est renseign\u00e9 sur toute l&rsquo;affaire et on a constat\u00e9 qu&rsquo;il n&rsquo;y \u00e9tait pas responsable.\u00bb<\/p>\n<p><strong>\u00abJe vais rencontrer l&rsquo;agent de Dumas cette semaine\u00bb<\/strong><br \/>A la question pos\u00e9e par les supporters concernant l&rsquo;avenir du driver Franck Dumas, Mellal a ajout\u00e9 : \u00abJe vais rencontrer l\u2019agent de Dumas cette semaine en France. Pour la saison prochaine, les objectifs seront revus \u00e0 la hausse. On jouera pour le titre et pour aller le plus loin possible en Ligue des champions.\u00bb<\/p>\n<p><strong>\u00abDeux Africains signeront incessamment\u00bb<\/strong><br \/>Sur le dossier recrutement estival, le pr\u00e9sident a affirm\u00e9 : \u00abOn a entam\u00e9 le recrutement, samedi soir, en faisant signer le milieu de terrain de l&rsquo;OM, Addadi. On en recrutera d&rsquo;autres pour donner un plus \u00e0 l&rsquo;\u00e9quipe. On attend l&rsquo;arriv\u00e9e de deux joueurs africains dans les prochains jours.\u00bb<\/p>\n<p><strong>\u00abJe le dis et je le r\u00e9p\u00e8te, ce sont les fans qui baptiseront le nouveau stade de 50.000 places\u00bb<\/strong><br \/>Quant \u00e0 la baptisation du nouveau stade, Mellal affirme : \u00abJe le dis et je le r\u00e9p\u00e8te, le dernier mot de la baptisation du nouveau stade revient aux supporters.\u00bb<br \/>La JSK a engag\u00e9, samedi soir, sa premi\u00e8re recrue estivale, en l\u2019occurrence le milieu de terrain de l\u2019OM, Addadi. Ce dernier a paraph\u00e9 un contrat de deux ans au profit du club kabyle avec comme principal objectif de gagner un titre et aller le plus loin possible en LDC. Le pr\u00e9sident Cherif Mellal, tr\u00e8s satisfait de cette premi\u00e8re op\u00e9ration, assure que le club vient de r\u00e9aliser un bon coup, en s\u2019attachant les services d\u2019un joueur dont les qualit\u00e9s sont reconnues de tous. \u00abAddadi est notre premi\u00e8re nouvelle recrue estivale. C\u2019est un tr\u00e8s bon joueur que nous avons suivi. Nous l\u2019avons vu \u00e0 l\u2019OM, il est p\u00e9tri de qualit\u00e9s.\u00bb<\/p>\n<p><strong>\u00abAddadi est un joueur talentueux qui nous apportera un plus\u00bb<\/strong><br \/>Tr\u00e8s satisfait de cette premi\u00e8re recrue, le pr\u00e9sident Mellal a encens\u00e9 le milieu de terrain Addadi en d\u00e9clarant : \u00abLe milieu de terrain Addadi a d\u2019\u00e9normes qualit\u00e9s techniques. Il a \u00e9t\u00e9 le meilleur joueur de l\u2019OM et a beaucoup fait pour son ex-club. J\u2019estime que sa venue \u00e0 la JSK va nous apporter un grand plus. Nous avons trac\u00e9 notre feuille de route et le recrutement va se poursuivre encore jusqu\u2019\u00e0 satisfaire les besoins de l\u2019\u00e9quipe pour la saison prochaine.\u00bb<\/p>\n<p><strong>\u00abLe challenge africain exige un renforcement de qualit\u00e9 de notre effectif\u00bb<\/strong><br \/>Toujours \u00e0 propos du dossier recrutement, le num\u00e9ro un de la formation du Djurdjura a soulign\u00e9 que dans la perspective de retrouver la Ligue des champions par la grande porte, la JSK va recruter des joueurs de qualit\u00e9 : \u00abLa JSK jouera sur les trois fronts la saison prochaine. On retrouve la Ligue des champions apr\u00e8s neuf ans d\u2019absence et nous miserons sur un retour en force. Le challenge africain n\u00e9cessite de gros moyens sur tous les plans. C\u00f4t\u00e9 effectif, je rassure les supporters que nous ferons un recrutement de qualit\u00e9 et nous ram\u00e8nerons des \u00e9l\u00e9ments qui apporteront un plus.\u00bb<\/p>\n<p><strong>\u00a0\u00ab La JSK a un statut \u00e0 d\u00e9fendre en Afrique \u00bb<\/strong><br \/>R\u00e9pondant \u00e0 une autre question de supporters sur la prochaine participation de la JSK en Coupe de la LDC, le pr\u00e9sident Mellal ajoute : \u00ab La JSK a un nom \u00e0 d\u00e9fendre en Afrique. Apr\u00e8s neuf ann\u00e9es, nous retrouvons la LDC et nous participerons avec des objectifs tr\u00e8s clairs. Je vais informer l\u2019agent de Dumas que nos objectifs pour la prochaine saison sont pratiquement tous revus \u00e0 la hausse, on doit les atteindre sinon nous avons un autre plan B. \u00bb<\/p>\n<p><strong>\u00abNous sommes en contact avec plusieurs joueurs qui ont donn\u00e9 enti\u00e8re satisfaction\u00bb<\/strong><br \/>Afin d\u2019en savoir un peu plus sur le recrutement, le pr\u00e9sident Cherif Mellal assure que l\u2019\u00e9quipe en charge du volet continue de travailler dans les discr\u00e9tions la plus totale. C\u2019est justement dans le souci de ne pas donner l\u2019occasion \u00e0 certains dirigeants d\u2019autres clubs de faire capoter le transfert des joueurs cibl\u00e9s : \u00abNous sommes actuellement en contacts avec d\u2019autres joueurs qui ont de grandes qualit\u00e9s et qui ont donn\u00e9 enti\u00e8re satisfaction avec leurs clubs respectifs. On va mettre le paquet pour avoir les meilleurs. La JSK sera encore plus forte la saison prochaine.\u00bb<\/p>\n<p><strong>\u00abFaire signer d\u2019autres nouvelles recrues est imminent\u00bb<\/strong><br \/>Pour ce qui est de la signature d\u2019autres nouvelles recrues, Mellal rassure : \u00abLes contacts avec les joueurs cibl\u00e9s ont tr\u00e8s bien avanc\u00e9. Beaucoup veulent jouer \u00e0 la JSK et nous allons choisir ce qu\u2019il nous faut exactement pour la saison prochaine. Les postes \u00e0 renforcer sont d\u00e9finis et les profils aussi. On a bien avanc\u00e9 dans les n\u00e9gociations avec certains \u00e9l\u00e9ments qui vont d\u2019ailleurs se pr\u00e9senter au si\u00e8ge du club tr\u00e8s prochainement pour officialiser leur venue \u00e0 la JSK.\u00bb<\/p>\n<p><strong>Publi\u00e9 dans :<\/strong> <span>Mellal<\/span> <span>Oukaci<\/span> <span>Franck Dumas<\/span> <span>Cherif Mellal<\/span><\/p>\n<\/div>\n<p>Auteur:<br \/>\n<a href=\"http:\/\/www.lebuteur.com\/article\/detail?titre=jsk-mellal-oukaci-sera-repeche&#038;id=89303&#038;utm_source=feedburner&#038;utm_medium=feed&#038;utm_campaign=Feed%3A+GalerieFArtciles+%28Les+derniers+articles++-+lebuteur.com%29\">Cliquez ici pour lire l&rsquo;article depuis sa source.<\/a><\/p>\n","protected":false},"excerpt":{"rendered":"<p>Auteur : Ly\u00e8s Aouiche lundi 03 juin 2019 13:32 En d\u00e9placement, hier, en France, le pr\u00e9sident de la JSK Cherif Mellal a anim\u00e9 une conf\u00e9rence de presse, en pr\u00e9sence de plusieurs supporters du club \u00e0 Paris. Ce dernier est revenu sur l&rsquo;actualit\u00e9 du club et les dossiers br\u00fblants de cette p\u00e9riode, notamment le recrutement, le [&hellip;]<\/p>\n","protected":false},"author":1738,"featured_media":38489,"comment_status":"closed","ping_status":"closed","sticky":false,"template":"","format":"standard","meta":{"fifu_image_url":"","fifu_image_alt":"","footnotes":""},"categories":[53,75],"tags":[],"class_list":["post-38488","post","type-post","status-publish","format-standard","has-post-thumbnail","hentry","category-algerie","category-sport"],"_links":{"self":[{"href":"https:\/\/linitiative.ca\/International\/wp-json\/wp\/v2\/posts\/38488","targetHints":{"allow":["GET"]}}],"collection":[{"href":"https:\/\/linitiative.ca\/International\/wp-json\/wp\/v2\/posts"}],"about":[{"href":"https:\/\/linitiative.ca\/International\/wp-json\/wp\/v2\/types\/post"}],"author":[{"embeddable":true,"href":"https:\/\/linitiative.ca\/International\/wp-json\/wp\/v2\/users\/1738"}],"replies":[{"embeddable":true,"href":"https:\/\/linitiative.ca\/International\/wp-json\/wp\/v2\/comments?post=38488"}],"version-history":[{"count":0,"href":"https:\/\/linitiative.ca\/International\/wp-json\/wp\/v2\/posts\/38488\/revisions"}],"wp:featuredmedia":[{"embeddable":true,"href":"https:\/\/linitiative.ca\/International\/wp-json\/"}],"wp:attachment":[{"href":"https:\/\/linitiative.ca\/International\/wp-json\/wp\/v2\/media?parent=38488"}],"wp:term":[{"taxonomy":"category","embeddable":true,"href":"https:\/\/linitiative.ca\/International\/wp-json\/wp\/v2\/categories?post=38488"},{"taxonomy":"post_tag","embeddable":true,"href":"https:\/\/linitiative.ca\/International\/wp-json\/wp\/v2\/tags?post=38488"}],"curies":[{"name":"wp","href":"https:\/\/api.w.org\/{rel}","templated":true}]}}