{"id":38490,"date":"2019-06-03T15:14:06","date_gmt":"2019-06-03T19:14:06","guid":{"rendered":"https:\/\/linitiative.ca\/International\/ligue-1-2-jsk-banouh-signera-apres-laid\/"},"modified":"2019-06-03T15:14:06","modified_gmt":"2019-06-03T19:14:06","slug":"ligue-1-2-jsk-banouh-signera-apres-laid","status":"publish","type":"post","link":"https:\/\/linitiative.ca\/International\/ligue-1-2-jsk-banouh-signera-apres-laid\/","title":{"rendered":"Ligue 1 &amp; 2 : JSK: Banouh signera apr\u00e8s l\u2019A\u00efd"},"content":{"rendered":"<div readability=\"32\">\n<p>Auteur : <span>L. A.<\/span> <span class=\"time\">lundi 03 juin 2019 13:32<\/span><\/p>\n<\/div>\n<div id=\"post_core\" readability=\"49\">\n<p>Comme rapport\u00e9 par nos soins dans l\u2019\u00e9dition d\u2019hier, l\u2019attaquant de l\u2019ESS Hamza Banouh a trouv\u00e9 un accord avec la direction kabyle et sa venue \u00e0 la JSK n\u2019est qu\u2019une question de jours. Ayant \u00e9mis le souhait de changer d\u2019air cet \u00e9t\u00e9, Banouh semble avoir \u00e9t\u00e9 convaincu par le discours du pr\u00e9sident Cherif Mellal et motiv\u00e9 par l\u2019id\u00e9e de rejoindre la JSK qu\u2019il a failli rejoindre la saison derni\u00e8re. Selon des indiscr\u00e9tions, Hamza Banouh a tout r\u00e9gl\u00e9 avec les dirigeants. Toutefois et en raison de l\u2019absence du pr\u00e9sident Cherif Mellal qui s\u2019est envol\u00e9 en France, hier, pour trancher l\u2019avenir du coach Franck Dumas, Hamza Banouh est invit\u00e9 au si\u00e8ge du club apr\u00e8s l\u2019A\u00efd pour signer son contrat.<br \/><strong>Le choix judicieux de la cellule de recrutement<\/strong><br \/>L\u2019annonce de la venue de Hamza Banouh a \u00e9t\u00e9 diff\u00e9remment comment\u00e9e par les supporters sur les r\u00e9seaux sociaux. Pour certains, c\u2019est une bonne nouvelle d\u2019autant plus que le joueur a une grande exp\u00e9rience et avec ses qualit\u00e9s, il sera d\u2019un grand apport pour l\u2019\u00e9quipe en comp\u00e9tition africaine. D\u2019autres estiment qu\u2019il n\u2019est pas le bienvenu \u00e0 Tizi car il a d\u00e9j\u00e0 refus\u00e9 une offre du club lorsque celui-ci se trouvait en difficult\u00e9. Pour ceux qui ne le connaissent pas, Hamza Banouh est un enfant de la Kabylie qui a toujours r\u00eav\u00e9 de jouer un jour au club de sa r\u00e9gion. D\u2019autres param\u00e8tres purement sportifs ont fait qu\u2019il n\u2019a pas pu concr\u00e9tiser son souhait mais une chose est s\u00fbre, ceux qui le connaissent de pr\u00e8s assurent qu\u2019il n\u2019a jamais pens\u00e9 un jour faire du chantage \u00e0 la JSK. Les observateurs affirment que c\u2019est un choix juste pour la nouvelle saison, avec ses qualit\u00e9s qu\u2019on lui conna\u00eet au MOB et \u00e0 l\u2019ESS, il fera tr\u00e8s mal en Ligue des champions et ceux qui le critiquent aujourd\u2019hui r\u00e9viseront leur position.<br \/>\u00a0<\/p>\n<p><strong>Publi\u00e9 dans :<\/strong> <span>JSK<\/span> <span>Hamza Banouh<\/span> <span>Cherif Mellal<\/span><\/p>\n<\/div>\n<p>Auteur:<br \/>\n<a href=\"http:\/\/www.lebuteur.com\/article\/detail?titre=jsk-banouh-signera-apres-laid&#038;id=89302&#038;utm_source=feedburner&#038;utm_medium=feed&#038;utm_campaign=Feed%3A+GalerieFArtciles+%28Les+derniers+articles++-+lebuteur.com%29\">Cliquez ici pour lire l&rsquo;article depuis sa source.<\/a><\/p>\n","protected":false},"excerpt":{"rendered":"<p>Auteur : L. A. lundi 03 juin 2019 13:32 Comme rapport\u00e9 par nos soins dans l\u2019\u00e9dition d\u2019hier, l\u2019attaquant de l\u2019ESS Hamza Banouh a trouv\u00e9 un accord avec la direction kabyle et sa venue \u00e0 la JSK n\u2019est qu\u2019une question de jours. Ayant \u00e9mis le souhait de changer d\u2019air cet \u00e9t\u00e9, Banouh semble avoir \u00e9t\u00e9 convaincu [&hellip;]<\/p>\n","protected":false},"author":1738,"featured_media":38491,"comment_status":"closed","ping_status":"closed","sticky":false,"template":"","format":"standard","meta":{"fifu_image_url":"","fifu_image_alt":"","footnotes":""},"categories":[53,75],"tags":[],"class_list":["post-38490","post","type-post","status-publish","format-standard","has-post-thumbnail","hentry","category-algerie","category-sport"],"_links":{"self":[{"href":"https:\/\/linitiative.ca\/International\/wp-json\/wp\/v2\/posts\/38490","targetHints":{"allow":["GET"]}}],"collection":[{"href":"https:\/\/linitiative.ca\/International\/wp-json\/wp\/v2\/posts"}],"about":[{"href":"https:\/\/linitiative.ca\/International\/wp-json\/wp\/v2\/types\/post"}],"author":[{"embeddable":true,"href":"https:\/\/linitiative.ca\/International\/wp-json\/wp\/v2\/users\/1738"}],"replies":[{"embeddable":true,"href":"https:\/\/linitiative.ca\/International\/wp-json\/wp\/v2\/comments?post=38490"}],"version-history":[{"count":0,"href":"https:\/\/linitiative.ca\/International\/wp-json\/wp\/v2\/posts\/38490\/revisions"}],"wp:featuredmedia":[{"embeddable":true,"href":"https:\/\/linitiative.ca\/International\/wp-json\/"}],"wp:attachment":[{"href":"https:\/\/linitiative.ca\/International\/wp-json\/wp\/v2\/media?parent=38490"}],"wp:term":[{"taxonomy":"category","embeddable":true,"href":"https:\/\/linitiative.ca\/International\/wp-json\/wp\/v2\/categories?post=38490"},{"taxonomy":"post_tag","embeddable":true,"href":"https:\/\/linitiative.ca\/International\/wp-json\/wp\/v2\/tags?post=38490"}],"curies":[{"name":"wp","href":"https:\/\/api.w.org\/{rel}","templated":true}]}}