{"id":38492,"date":"2019-06-03T15:14:07","date_gmt":"2019-06-03T19:14:07","guid":{"rendered":"https:\/\/linitiative.ca\/International\/ligue-1-2-jsk-hubert-velud-en-route-pour-la-jsk\/"},"modified":"2019-06-03T15:14:07","modified_gmt":"2019-06-03T19:14:07","slug":"ligue-1-2-jsk-hubert-velud-en-route-pour-la-jsk","status":"publish","type":"post","link":"https:\/\/linitiative.ca\/International\/ligue-1-2-jsk-hubert-velud-en-route-pour-la-jsk\/","title":{"rendered":"Ligue 1 &amp; 2 : JSK: Hubert Velud en route pour la JSK"},"content":{"rendered":"<div readability=\"32\">\n<p>Auteur : <span>B.T.<\/span> <span class=\"time\">lundi 03 juin 2019 13:32<\/span><\/p>\n<\/div>\n<div id=\"post_core\" readability=\"52\">\n<p>Les jours de l\u2019entra\u00eeneur fran\u00e7ais Franck Dumas sont-ils compt\u00e9s ? Depuis quelques jours, des rumeurs circulent concernant un probable remaniement \u00e0 la barre technique et qui concerne le num\u00e9ro un en l\u2019occurrence l\u2019entra\u00eeneur en chef Franck Dumas. le pr\u00e9sident Cherif Mellal qui s\u2019est d\u2019ailleurs d\u00e9plac\u00e9, hier, en France, a pr\u00e9vu de rencontrer l\u2019agent de Dumas cette semaine pour discuter de l\u2019avenir de l\u2019entra\u00eeneur en chef. Tout le monde sait que Dumas a rejoint la JSK la saison derni\u00e8re et sign\u00e9 un contrat de deux ans. Il est donc li\u00e9 pour une ann\u00e9e suppl\u00e9mentaire mais cela ne veut pas dire qu\u2019il est restant \u00e0 100%. Selon des indiscr\u00e9tions, le pr\u00e9sident Mellal va informer l\u2019agent de Dumas que la JSK va voir encore plus grand la saison prochaine. Si le club a rat\u00e9 de peu le titre cette ann\u00e9e, il sera question de jouer la saison prochaine pour le remporter avec une s\u00e9rieuse avance aurait-il confi\u00e9 \u00e0 ses proches. Il a aussi mis la LDC parmi les objectifs qu\u2019il va exiger de l\u2019entra\u00eeneur Dumas. Par ailleurs, Mellal qui a rencontr\u00e9 les supporters, hier, \u00e0 Paris, dans le cadre d\u2019une conf\u00e9rence, a annonc\u00e9 qu\u2019il va informer Dumas des objectifs revus \u00e0 la hausse faute de quoi il passera \u00e0 un plan B. de sources concordantes, on a appris que le plan B de la direction kabyle serait l\u2019ancien entra\u00eeneur de l\u2019USMA et de l\u2019ESS Hubert Velud, d\u00e9tenteur de la Coupe de la CAF avec le TP Mazembe en 2014. Velud a une tr\u00e8s grande exp\u00e9rience en tant en Alg\u00e9rie comme en Afrique et c\u2019est la raison qui aurait motiv\u00e9 Mellal et la direction \u00e0 penser \u00e0 lui pour conduire l\u2019\u00e9quipe la saison prochaine. Il est utile de souligner qu\u2019\u00e0 l\u2019arriv\u00e9e de Dumas la saison derni\u00e8re la direction a fix\u00e9 l\u2019objectif du maintien et un projet sur trois ans a \u00e9t\u00e9 \u00e9labor\u00e9,\u00a0 mais depuis quelques temps, des signes montraient que Dumas n\u2019allait pas \u00eatre reconduit pour un nouvel exercice.<br \/>\u00a0<\/p>\n<p><strong>Publi\u00e9 dans :<\/strong> <span>Hubert Velud<\/span> <span>Mellal<\/span> <span>Dumas<\/span><\/p>\n<\/div>\n<p>Auteur:<br \/>\n<a href=\"http:\/\/www.lebuteur.com\/article\/detail?titre=jsk-hubert-velud-en-route-pour-la-jsk&#038;id=89301&#038;utm_source=feedburner&#038;utm_medium=feed&#038;utm_campaign=Feed%3A+GalerieFArtciles+%28Les+derniers+articles++-+lebuteur.com%29\">Cliquez ici pour lire l&rsquo;article depuis sa source.<\/a><\/p>\n","protected":false},"excerpt":{"rendered":"<p>Auteur : B.T. lundi 03 juin 2019 13:32 Les jours de l\u2019entra\u00eeneur fran\u00e7ais Franck Dumas sont-ils compt\u00e9s ? Depuis quelques jours, des rumeurs circulent concernant un probable remaniement \u00e0 la barre technique et qui concerne le num\u00e9ro un en l\u2019occurrence l\u2019entra\u00eeneur en chef Franck Dumas. le pr\u00e9sident Cherif Mellal qui s\u2019est d\u2019ailleurs d\u00e9plac\u00e9, hier, en [&hellip;]<\/p>\n","protected":false},"author":1738,"featured_media":38493,"comment_status":"closed","ping_status":"closed","sticky":false,"template":"","format":"standard","meta":{"fifu_image_url":"","fifu_image_alt":"","footnotes":""},"categories":[53,75],"tags":[],"class_list":["post-38492","post","type-post","status-publish","format-standard","has-post-thumbnail","hentry","category-algerie","category-sport"],"_links":{"self":[{"href":"https:\/\/linitiative.ca\/International\/wp-json\/wp\/v2\/posts\/38492","targetHints":{"allow":["GET"]}}],"collection":[{"href":"https:\/\/linitiative.ca\/International\/wp-json\/wp\/v2\/posts"}],"about":[{"href":"https:\/\/linitiative.ca\/International\/wp-json\/wp\/v2\/types\/post"}],"author":[{"embeddable":true,"href":"https:\/\/linitiative.ca\/International\/wp-json\/wp\/v2\/users\/1738"}],"replies":[{"embeddable":true,"href":"https:\/\/linitiative.ca\/International\/wp-json\/wp\/v2\/comments?post=38492"}],"version-history":[{"count":0,"href":"https:\/\/linitiative.ca\/International\/wp-json\/wp\/v2\/posts\/38492\/revisions"}],"wp:featuredmedia":[{"embeddable":true,"href":"https:\/\/linitiative.ca\/International\/wp-json\/"}],"wp:attachment":[{"href":"https:\/\/linitiative.ca\/International\/wp-json\/wp\/v2\/media?parent=38492"}],"wp:term":[{"taxonomy":"category","embeddable":true,"href":"https:\/\/linitiative.ca\/International\/wp-json\/wp\/v2\/categories?post=38492"},{"taxonomy":"post_tag","embeddable":true,"href":"https:\/\/linitiative.ca\/International\/wp-json\/wp\/v2\/tags?post=38492"}],"curies":[{"name":"wp","href":"https:\/\/api.w.org\/{rel}","templated":true}]}}