{"id":38494,"date":"2019-06-03T15:14:08","date_gmt":"2019-06-03T19:14:08","guid":{"rendered":"https:\/\/linitiative.ca\/International\/ligue-1-2-usma-cherifi-aucun-club-na-merite-le-titre-plus-que-nous\/"},"modified":"2019-06-03T15:14:08","modified_gmt":"2019-06-03T19:14:08","slug":"ligue-1-2-usma-cherifi-aucun-club-na-merite-le-titre-plus-que-nous","status":"publish","type":"post","link":"https:\/\/linitiative.ca\/International\/ligue-1-2-usma-cherifi-aucun-club-na-merite-le-titre-plus-que-nous\/","title":{"rendered":"Ligue 1 &amp; 2 : USMA &#8211; Cherifi: \u00abAucun club n\u2019a m\u00e9rit\u00e9 le titre plus que nous\u00bb"},"content":{"rendered":"<div readability=\"32\">\n<p>Auteur : <span>Adel Cheraki<\/span> <span class=\"time\">lundi 03 juin 2019 13:32<\/span><\/p>\n<\/div>\n<div id=\"post_core\" readability=\"100\">\n<p>Pour sa deuxi\u00e8me ann\u00e9e au club, Redouane Cherifi a pu s\u2019imposer comme un titulaire indiscutable dans le onze usmiste. Arri\u00e8re lat\u00e9ral gauche de formation, l\u2019ex-international Espoirs a termin\u00e9 la saison en tant que d\u00e9fenseur central, apr\u00e8s l\u2019exclusion de Farouk Chafa\u00ef. L\u2019un des \u00e9l\u00e9ments les plus utilis\u00e9s revient dans cette interview sur le parcours r\u00e9alis\u00e9 par son club, avant de nous parler de son premier troph\u00e9e gagn\u00e9 depuis qu\u2019il a opt\u00e9 pour l\u2019USMA.<\/p>\n<p><strong>L\u2019USMA est championne d\u2019Alg\u00e9rie saison 2018-2019. Un mot sur cette cons\u00e9cration\u2026<\/strong><br \/>Pour commencer, je tiens \u00e0 souligner que ce titre est totalement m\u00e9rit\u00e9. Beaucoup de choses ont \u00e9t\u00e9 dites et \u00e9crites, mais les chiffrent ne mentent pas. Il ne faut pas oublier que l\u2019USMA a \u00e9t\u00e9 la meilleure \u00e9quipe \u00e0 domicile, la meilleure \u00e0 l\u2019ext\u00e9rieur aussi, l\u2019\u00e9quipe avec la meilleure attaque. Que vouloir de plus ? Si nous sommes champions, c\u2019est parce que nous \u00e9tions tout simplement les plus performants. Nous avons consenti beaucoup de sacrifices pour en arriver l\u00e0, on doit nous respecter pour tous les efforts que nous avons fournis, personne ne nous a fait de cadeau.<\/p>\n<p><strong>Faites-vous allusion au match qui vous a oppos\u00e9s au CSC ?<\/strong><br \/>Pas sp\u00e9cialement ! Avant le CSC, nous avons r\u00e9alis\u00e9 de tr\u00e8s bons r\u00e9sultats, notamment lors de la phase aller. Pendant la seconde moiti\u00e9 de la saison, nous avons laiss\u00e9 filer plusieurs points. Nous avons travers\u00e9 un passage \u00e0 vide mais m\u00eame si nous \u00e9tions en difficult\u00e9, aucun club n\u2019a pu nous d\u00e9tr\u00f4ner. Nous avons gard\u00e9 notre premi\u00e8re place de la 2e journ\u00e9e jusqu\u2019\u00e0 la 30e. Nous avons fait un parcours de champion, il faut que nous soyons fiers de nous car \u00e7a n\u2019a pas \u00e9t\u00e9 facile d\u2019en arriver l\u00e0, apr\u00e8s tout ce que nous avons v\u00e9cu.<\/p>\n<p><strong>Visiblement, les probl\u00e8mes que votre pr\u00e9sident a eus et les soucis financiers vous ont d\u00e9stabilis\u00e9s\u2026<\/strong><br \/>Oui, bien s\u00fbr ! Nous \u00e9tions dans le flou. Malgr\u00e9 tout ce que nous avons endur\u00e9, nous sommes rest\u00e9s solidaires. Nous sommes rest\u00e9s solides m\u00eame lorsque nous avons conc\u00e9d\u00e9 des faux pas, n\u2019\u00e9taient l\u2019esprit du groupe et le soutien des proches, je pense que nous aurions craqu\u00e9. Si nous avons bien tenu jusqu\u2019\u00e0 la derni\u00e8re minute, c\u2019est parce qu\u2019il y avait un bel \u00e9tat d\u2019esprit et que tout le monde a tir\u00e9 dans la m\u00eame direction. Au final, nous avons pu aller au bout. Nous avons procur\u00e9 de la joie \u00e0 nos supporters et ce n\u2019est que les jolis instants que nous garderons en m\u00e9moire.<\/p>\n<p><strong>Comment voyez-vous la suite \u00e0 pr\u00e9sent ?<\/strong><br \/>Il ne faut pas pr\u00e9cipiter les choses. Actuellement, nous sommes toujours en train de f\u00eater notre titre. Apr\u00e8s, nous irons en vacances. Ce n\u2019est qu\u2019\u00e0 notre retour que nous pourrons voir plus clair. Ce qui est certain par contre, c\u2019est que l\u2019USMA restera toujours un grand club avec un grand palmar\u00e8s, rien ne changera. Nous continuerons aussi de jouer les premiers r\u00f4les et viser un exploit sur le plan continental.<\/p>\n<p><strong>Sur le plan personnel, qu\u2019avez-vous \u00e0 nous dire \u00e0 propos de votre parcours ?<\/strong><br \/>Je me suis donn\u00e9 \u00e0 fond. J\u2019ai toujours r\u00e9pondu pr\u00e9sent. J\u2019ai d\u00e9but\u00e9 la saison en tant qu\u2019arri\u00e8re lat\u00e9ral gauche et je l\u2019ai termin\u00e9e en tant que d\u00e9fenseur central. J\u2019ai fait de mon mieux pour ne pas d\u00e9cevoir et aider mes partenaires \u00e0 aller chercher ce 8e titre de champion. Nous l\u2019avons fait et je suis beaucoup plus heureux pour cette r\u00e9ussite que pour la mienne. C\u2019est mon premier troph\u00e9e, \u00e0 pr\u00e9sent je veux en gagner d\u2019autres et nous ne comptons pas nous arr\u00eater l\u00e0.<\/p>\n<p>Une grande pol\u00e9mique a eu lieu ces derniers temps apr\u00e8s tout ce qui s\u2019est pass\u00e9 avant votre match contre le CSC. Comment l\u2019avez-vous v\u00e9cue ?<br \/>Croyez-moi, je n\u2019ai pas trop bronch\u00e9. \u00c7a ne nous concerne pas. Nous avons \u00e9t\u00e9 meilleurs \u00e0 Constantine, c\u2019est tout ce que je retiens. Notre victoire \u00e9tait nette et sans bavure, personne ne pourra dire le contraire. Pour ce qui est de la r\u00e9action des autres, je pense que c\u2019est logique car chacun veut se d\u00e9fendre et d\u00e9fendre les int\u00e9r\u00eats de son club. C\u2019est compr\u00e9hensible et c\u2019est aussi logique. Nous sommes champions, c\u2019est tout ce que je retiens et tant mieux pour nous et nos supporters.<br \/>Entretien r\u00e9alis\u00e9<br \/>\u00a0<\/p>\n<\/div>\n<p>Auteur:<br \/>\n<a href=\"http:\/\/www.lebuteur.com\/article\/detail?titre=usma-cherifi-aucun-club-na-merite-le-titre-plus-que-nous&#038;id=89300&#038;utm_source=feedburner&#038;utm_medium=feed&#038;utm_campaign=Feed%3A+GalerieFArtciles+%28Les+derniers+articles++-+lebuteur.com%29\">Cliquez ici pour lire l&rsquo;article depuis sa source.<\/a><\/p>\n","protected":false},"excerpt":{"rendered":"<p>Auteur : Adel Cheraki lundi 03 juin 2019 13:32 Pour sa deuxi\u00e8me ann\u00e9e au club, Redouane Cherifi a pu s\u2019imposer comme un titulaire indiscutable dans le onze usmiste. Arri\u00e8re lat\u00e9ral gauche de formation, l\u2019ex-international Espoirs a termin\u00e9 la saison en tant que d\u00e9fenseur central, apr\u00e8s l\u2019exclusion de Farouk Chafa\u00ef. L\u2019un des \u00e9l\u00e9ments les plus utilis\u00e9s [&hellip;]<\/p>\n","protected":false},"author":1738,"featured_media":38495,"comment_status":"closed","ping_status":"closed","sticky":false,"template":"","format":"standard","meta":{"fifu_image_url":"","fifu_image_alt":"","footnotes":""},"categories":[53,75],"tags":[],"class_list":["post-38494","post","type-post","status-publish","format-standard","has-post-thumbnail","hentry","category-algerie","category-sport"],"_links":{"self":[{"href":"https:\/\/linitiative.ca\/International\/wp-json\/wp\/v2\/posts\/38494","targetHints":{"allow":["GET"]}}],"collection":[{"href":"https:\/\/linitiative.ca\/International\/wp-json\/wp\/v2\/posts"}],"about":[{"href":"https:\/\/linitiative.ca\/International\/wp-json\/wp\/v2\/types\/post"}],"author":[{"embeddable":true,"href":"https:\/\/linitiative.ca\/International\/wp-json\/wp\/v2\/users\/1738"}],"replies":[{"embeddable":true,"href":"https:\/\/linitiative.ca\/International\/wp-json\/wp\/v2\/comments?post=38494"}],"version-history":[{"count":0,"href":"https:\/\/linitiative.ca\/International\/wp-json\/wp\/v2\/posts\/38494\/revisions"}],"wp:featuredmedia":[{"embeddable":true,"href":"https:\/\/linitiative.ca\/International\/wp-json\/"}],"wp:attachment":[{"href":"https:\/\/linitiative.ca\/International\/wp-json\/wp\/v2\/media?parent=38494"}],"wp:term":[{"taxonomy":"category","embeddable":true,"href":"https:\/\/linitiative.ca\/International\/wp-json\/wp\/v2\/categories?post=38494"},{"taxonomy":"post_tag","embeddable":true,"href":"https:\/\/linitiative.ca\/International\/wp-json\/wp\/v2\/tags?post=38494"}],"curies":[{"name":"wp","href":"https:\/\/api.w.org\/{rel}","templated":true}]}}