{"id":38496,"date":"2019-06-03T15:14:09","date_gmt":"2019-06-03T19:14:09","guid":{"rendered":"https:\/\/linitiative.ca\/International\/ligue-1-2-mca-derrardja-contacte-officiellement-par-letoile-du-sahel\/"},"modified":"2019-06-03T15:14:09","modified_gmt":"2019-06-03T19:14:09","slug":"ligue-1-2-mca-derrardja-contacte-officiellement-par-letoile-du-sahel","status":"publish","type":"post","link":"https:\/\/linitiative.ca\/International\/ligue-1-2-mca-derrardja-contacte-officiellement-par-letoile-du-sahel\/","title":{"rendered":"Ligue 1 &amp; 2 : MCA: Derrardja contact\u00e9 officiellement par l\u2019Etoile du Sahel"},"content":{"rendered":"<div readability=\"32\">\n<p>Auteur : <span>T. Che<\/span> <span class=\"time\">lundi 03 juin 2019 13:32<\/span><\/p>\n<\/div>\n<div id=\"post_core\" readability=\"77\">\n<p>M\u00eame si cette saison, il n\u2019a pas \u00e9t\u00e9 flamboyant et tr\u00e8s brillant avec des performances en dents de scie, Walid Derrardja a \u00e9norm\u00e9ment d\u00e9\u00e7u en ne parvenant \u00e0 r\u00e9it\u00e9rer ses performances de la saison derni\u00e8re. Meilleur buteur de l\u2019\u00e9quipe avec 14 unit\u00e9s (TCC), Walid n\u2019a \u00e9t\u00e9 que l\u2019ombre de lui-m\u00eame cette ann\u00e9e avec une seule banderille et une offrande. Et pourtant, le joueur est tr\u00e8s convoit\u00e9 actuellement par des clubs \u00e9trangers. En plus de deux formations saoudiennes, on vient d\u2019apprendre que l\u2019Etoile du Sahel est entr\u00e9e directement en contact avec le num\u00e9ro 17 mouloud\u00e9en dans le but de lui proposer un contrat. L\u2019int\u00e9r\u00eat que porte l\u2019\u00e9quipe tunisienne \u00e0 Derrardja ne date pas d\u2019aujourd\u2019hui, depuis qu\u2019il a brill\u00e9 au MCEE, et les champions d\u2019Afrique veulent l\u2019enr\u00f4ler mais en vain.<\/p>\n<p><strong>Walid discutera avec Ghrib sur l\u2019offre des Tunisiens apr\u00e8s l\u2019A\u00efd<\/strong><br \/>Etant encore sous contrat jusqu\u2019\u00e0 juillet 2020, Walid Derrardja n\u2019a pas son destin entre ses mains. Le joueur doit obtenir l\u2019aval de son club pour mat\u00e9rialiser ce transfert. Aussi, Walid doit rencontrer le directeur g\u00e9n\u00e9ral apr\u00e8s l\u2019Aid pour lui faire part de la proposition de l\u2019Etoile du Sahel.<\/p>\n<p><strong>Tout porte \u00e0 croire que Ghrib et Casoni ne le laisseront pas partir<\/strong><br \/>M\u00eame si dans le football, on ne peut jurer de rien, il faut reconna\u00eetre que la direction du Mouloudia devrait refuser l\u2019offre des Tunisiens. Ainsi, Ghrib et Casoni ne vont pas s\u2019amuser \u00e0 laisser partir un cadre de l\u2019\u00e9quipe, lui qui a \u00e9t\u00e9 \u00e9poustouflant il y a deux saisons sous l\u2019\u00e8re Casoni.\u00a0\u00a0\u00a0\u00a0 \u00a0<br \/>\u00a0<\/p>\n<p><strong>\u00absi Ghrib refuse de me laisser partir, je l\u2019accepterai\u00bb<\/strong><\/p>\n<p><strong>Comment passez-vous ces vacances en ce mois sacr\u00e9 ?<\/strong><br \/>J\u2019en profite \u00e0 les vivre longuement avec ma famille. Je n\u2019ai v\u00e9cu ces moments depuis belle lurette. Et puis, on est en plein mois sacr\u00e9. Je profite au maximum.<br \/><strong>Un mot sur cette saison qui a \u00e9t\u00e9 tr\u00e8s d\u00e9licate\u2026<\/strong><br \/>Il est \u00e9vident que cette saison a \u00e9t\u00e9 tr\u00e8s d\u00e9cevante car on a perdu tous nos objectifs que ce soit en C1, la Coupe d\u2019Alg\u00e9rie, le championnat et la Coupe arabe. Il faut tirer des le\u00e7ons de nos \u00e9checs pour \u00eatre plus forts la saison prochaine car nous avons une dette envers nos supporters.<br \/><strong>Sur le plan personnel, vous avez beaucoup d\u00e9\u00e7u avec un seul but au compteur alors que vous \u00e9tiez le meilleur baroudeur de l\u2019\u00e9quipe il y a deux saisons ?<\/strong><br \/>Je ne veux pas trouver d\u2019excuse. Mais les blessures \u00e0 r\u00e9p\u00e9tition ont eu raison de moi. Je n\u2019ai jamais v\u00e9cu une situation pareille avec la plupart du temps pass\u00e9 \u00e0 l\u2019infirmerie du club. Et puis, il y a eu les changements du staff technique. Il faut dire que nous \u00e9tions tous hors sujet et cela s\u2019est r\u00e9percut\u00e9 sur les performances de l\u2019\u00e9quipe.<br \/><strong>Malgr\u00e9 ce passage \u00e0 vide, Casoni compte beaucoup sur vous en vue de la saison prochaine\u2026<\/strong><br \/>Le retour de Casoni est une tr\u00e8s bonne chose car il conna\u00eet bien l\u2019\u00e9quipe et le championnat national. J\u2019esp\u00e8re qu\u2019on r\u00e9alisera avec lui une tr\u00e8s grande saison. Pour ma part, je ferai tout pour \u00eatre au top \u00e0 condition d\u2019\u00eatre \u00e9pargn\u00e9 par les blessures. Je promets qu\u2019on verra le v\u00e9ritable visage de Derrardja.<br \/><strong>Vous avez d\u00e9clar\u00e9 derni\u00e8rement sur les ondes d\u2019El Heddaf TV avoir eu plusieurs offres des clubs \u00e9trangers et m\u00eame au niveau local. Pouvons-nous avoir plus de d\u00e9tails \u00e0 ce sujet ?<\/strong><br \/>C\u2019est vrai j\u2019ai re\u00e7u des propositions de clubs \u00e9trangers et au niveau local. Je ne suis pas tr\u00e8s chaud pour jouer dans un autre club du championnat \u00e0 part le Mouloudia. Je me sens bien au Mouloudia surtout que j\u2019ai la confiance du staff technique et de la direction.<br \/><strong>Et concernant les offres des clubs \u00e9trangers ?<\/strong><br \/>Il y a deux clubs saoudiens qui ont affich\u00e9 leur int\u00e9r\u00eat mais il n\u2019y a pas eu du nouveau \u00e0 ce sujet. Par contre, j\u2019ai eu un contact d\u2019un dirigeant de l\u2019Etoile du Sahel qui m\u2019a fait part de la volont\u00e9 du club tunisien de me recruter. Et pour vous dire vrai, la proposition est tr\u00e8s int\u00e9ressante.<br \/><strong>Est-ce que vous avez donn\u00e9 votre aval pour rejoindre l\u2019Etoile ?<\/strong><br \/>Je ne peux donner mon aval dans la mesure o\u00f9 je n\u2019ai pas mon destin entre mes mains. Je suis encore sous contrat avec le Mouloudia. Et de ce fait, je dois obtenir l\u2019aval de la direction.<br \/><strong>Avez-vous abord\u00e9 ce sujet avec Omar Ghrib ?<\/strong><br \/>Je devrais le faire apr\u00e8s l\u2019Aid et puis je voulais prendre mon temps en \u00e9tudiant la proposition de l\u2019Etoile. Embrasser une carri\u00e8re \u00e0 l\u2019\u00e9tranger me s\u00e9duit mais je n\u2019ai nullement l\u2019intention de faire pression sur la direction. J\u2019accepterai toute d\u00e9cision qui sera prise par mon club.<br \/><strong>Tout laisse \u00e0 croire que Ghrib refusera de vous lib\u00e9rer tant Casoni comptera sur vous la saison prochaine ?<\/strong><br \/>M\u00eame si je suis int\u00e9ress\u00e9 par le professionnalisme \u00e0 l\u2019\u00e9tranger mais la priorit\u00e9 reste au Mouloudia. Je vais respecter mon contrat qui me lie au club. Et m\u00eame si Ghrib refuserait de me c\u00e9der \u00e0 l\u2019Etoile, je l\u2019accepterai avec sportivit\u00e9 surtout que je ne manque de rien au Mouloudia. Je respecterai mes engagements avec l\u2019ambition de gagner des troph\u00e9es la saison prochaine. J\u2019en profite\u00a0 pour souhaiter un bon A\u00efd \u00e0 nos supporters et au peuple alg\u00e9rien.\u00a0\u00a0\u00a0 \u00a0<\/p>\n<\/div>\n<p>Auteur:<br \/>\n<a href=\"http:\/\/www.lebuteur.com\/article\/detail?titre=mca-derrardja-contacte-officiellement-par-letoile-du-sahel&#038;id=89299&#038;utm_source=feedburner&#038;utm_medium=feed&#038;utm_campaign=Feed%3A+GalerieFArtciles+%28Les+derniers+articles++-+lebuteur.com%29\">Cliquez ici pour lire l&rsquo;article depuis sa source.<\/a><\/p>\n","protected":false},"excerpt":{"rendered":"<p>Auteur : T. Che lundi 03 juin 2019 13:32 M\u00eame si cette saison, il n\u2019a pas \u00e9t\u00e9 flamboyant et tr\u00e8s brillant avec des performances en dents de scie, Walid Derrardja a \u00e9norm\u00e9ment d\u00e9\u00e7u en ne parvenant \u00e0 r\u00e9it\u00e9rer ses performances de la saison derni\u00e8re. Meilleur buteur de l\u2019\u00e9quipe avec 14 unit\u00e9s (TCC), Walid n\u2019a \u00e9t\u00e9 [&hellip;]<\/p>\n","protected":false},"author":1738,"featured_media":38497,"comment_status":"closed","ping_status":"closed","sticky":false,"template":"","format":"standard","meta":{"fifu_image_url":"","fifu_image_alt":"","footnotes":""},"categories":[53,75],"tags":[],"class_list":["post-38496","post","type-post","status-publish","format-standard","has-post-thumbnail","hentry","category-algerie","category-sport"],"_links":{"self":[{"href":"https:\/\/linitiative.ca\/International\/wp-json\/wp\/v2\/posts\/38496","targetHints":{"allow":["GET"]}}],"collection":[{"href":"https:\/\/linitiative.ca\/International\/wp-json\/wp\/v2\/posts"}],"about":[{"href":"https:\/\/linitiative.ca\/International\/wp-json\/wp\/v2\/types\/post"}],"author":[{"embeddable":true,"href":"https:\/\/linitiative.ca\/International\/wp-json\/wp\/v2\/users\/1738"}],"replies":[{"embeddable":true,"href":"https:\/\/linitiative.ca\/International\/wp-json\/wp\/v2\/comments?post=38496"}],"version-history":[{"count":0,"href":"https:\/\/linitiative.ca\/International\/wp-json\/wp\/v2\/posts\/38496\/revisions"}],"wp:featuredmedia":[{"embeddable":true,"href":"https:\/\/linitiative.ca\/International\/wp-json\/"}],"wp:attachment":[{"href":"https:\/\/linitiative.ca\/International\/wp-json\/wp\/v2\/media?parent=38496"}],"wp:term":[{"taxonomy":"category","embeddable":true,"href":"https:\/\/linitiative.ca\/International\/wp-json\/wp\/v2\/categories?post=38496"},{"taxonomy":"post_tag","embeddable":true,"href":"https:\/\/linitiative.ca\/International\/wp-json\/wp\/v2\/tags?post=38496"}],"curies":[{"name":"wp","href":"https:\/\/api.w.org\/{rel}","templated":true}]}}