{"id":38500,"date":"2019-06-03T15:14:12","date_gmt":"2019-06-03T19:14:12","guid":{"rendered":"https:\/\/linitiative.ca\/International\/international-barca-psg-un-echange-coutinho-neymar-en-preparation\/"},"modified":"2019-06-03T15:14:12","modified_gmt":"2019-06-03T19:14:12","slug":"international-barca-psg-un-echange-coutinho-neymar-en-preparation","status":"publish","type":"post","link":"https:\/\/linitiative.ca\/International\/international-barca-psg-un-echange-coutinho-neymar-en-preparation\/","title":{"rendered":"International : Bar\u00e7a-PSG : Un \u00e9change Coutinho-Neymar en pr\u00e9paration ?"},"content":{"rendered":"<div readability=\"32\">\n<p>Auteur : <span class=\"time\">lundi 03 juin 2019 13:49<\/span><\/p>\n<\/div>\n<div id=\"post_core\" readability=\"51\">\n<p>En effet, \u00e0 en croire les informations de Sport et Mundo Deportivo, le PSG est vivement int\u00e9ress\u00e9 par le profil de l&rsquo;ancien de Liverpool et pourrait passer \u00e0 l&rsquo;action. De son c\u00f4t\u00e9, le Bar\u00e7a esp\u00e8re se servir de Coutinho pour rapatrier Neymar, qui en aurait assez du foot fran\u00e7ais comme le souligne blaugranas.fr.<\/p>\n<p>Neymar a certes quitt\u00e9 le Bar\u00e7a par la petite porte en 2017, il a toutefois laiss\u00e9 un beau souvenir \u00e0 ses anciens co\u00e9quipiers et il ne serait pas contre un retour en Espagne. Lass\u00e9 par le football fran\u00e7ais et en conflit avec plusieurs co\u00e9quipiers, Neymar regrette sa d\u00e9cision d&rsquo;avoir quitt\u00e9 le club catalan et est pr\u00eat \u00e0 faire la paix avec les dirigeants barcelonais pour revenir jouer aux c\u00f4t\u00e9s de Messi.<\/p>\n<p>Le PSG sera certainement tr\u00e8s difficile \u00e0 convaincre mais le Bar\u00e7a compte bien utiliser Philippe Coutinho pour faire pencher la balance.<\/p>\n<p><strong>Publi\u00e9 dans :<\/strong> <span>fc barcelone<\/span><\/p>\n<\/div>\n<p>Auteur:<br \/>\n<a href=\"http:\/\/www.lebuteur.com\/article\/detail?titre=barca-psg-un-echange-coutinho-neymar-en-preparation&#038;id=89310&#038;utm_source=feedburner&#038;utm_medium=feed&#038;utm_campaign=Feed%3A+GalerieFArtciles+%28Les+derniers+articles++-+lebuteur.com%29\">Cliquez ici pour lire l&rsquo;article depuis sa source.<\/a><\/p>\n","protected":false},"excerpt":{"rendered":"<p>Auteur : lundi 03 juin 2019 13:49 En effet, \u00e0 en croire les informations de Sport et Mundo Deportivo, le PSG est vivement int\u00e9ress\u00e9 par le profil de l&rsquo;ancien de Liverpool et pourrait passer \u00e0 l&rsquo;action. De son c\u00f4t\u00e9, le Bar\u00e7a esp\u00e8re se servir de Coutinho pour rapatrier Neymar, qui en aurait assez du foot [&hellip;]<\/p>\n","protected":false},"author":1738,"featured_media":38501,"comment_status":"closed","ping_status":"closed","sticky":false,"template":"","format":"standard","meta":{"fifu_image_url":"","fifu_image_alt":"","footnotes":""},"categories":[53,75],"tags":[],"class_list":["post-38500","post","type-post","status-publish","format-standard","has-post-thumbnail","hentry","category-algerie","category-sport"],"_links":{"self":[{"href":"https:\/\/linitiative.ca\/International\/wp-json\/wp\/v2\/posts\/38500","targetHints":{"allow":["GET"]}}],"collection":[{"href":"https:\/\/linitiative.ca\/International\/wp-json\/wp\/v2\/posts"}],"about":[{"href":"https:\/\/linitiative.ca\/International\/wp-json\/wp\/v2\/types\/post"}],"author":[{"embeddable":true,"href":"https:\/\/linitiative.ca\/International\/wp-json\/wp\/v2\/users\/1738"}],"replies":[{"embeddable":true,"href":"https:\/\/linitiative.ca\/International\/wp-json\/wp\/v2\/comments?post=38500"}],"version-history":[{"count":0,"href":"https:\/\/linitiative.ca\/International\/wp-json\/wp\/v2\/posts\/38500\/revisions"}],"wp:featuredmedia":[{"embeddable":true,"href":"https:\/\/linitiative.ca\/International\/wp-json\/"}],"wp:attachment":[{"href":"https:\/\/linitiative.ca\/International\/wp-json\/wp\/v2\/media?parent=38500"}],"wp:term":[{"taxonomy":"category","embeddable":true,"href":"https:\/\/linitiative.ca\/International\/wp-json\/wp\/v2\/categories?post=38500"},{"taxonomy":"post_tag","embeddable":true,"href":"https:\/\/linitiative.ca\/International\/wp-json\/wp\/v2\/tags?post=38500"}],"curies":[{"name":"wp","href":"https:\/\/api.w.org\/{rel}","templated":true}]}}