{"id":38504,"date":"2019-06-03T15:14:14","date_gmt":"2019-06-03T19:14:14","guid":{"rendered":"https:\/\/linitiative.ca\/International\/pros-youcef-belaili-sacre-champion-de-tunisie-avec-lesperance-de-tunis\/"},"modified":"2019-06-03T15:14:14","modified_gmt":"2019-06-03T19:14:14","slug":"pros-youcef-belaili-sacre-champion-de-tunisie-avec-lesperance-de-tunis","status":"publish","type":"post","link":"https:\/\/linitiative.ca\/International\/pros-youcef-belaili-sacre-champion-de-tunisie-avec-lesperance-de-tunis\/","title":{"rendered":"Pros : Youcef Belaili sacr\u00e9 champion de Tunisie avec l&rsquo;Esp\u00e9rance de Tunis"},"content":{"rendered":"<div readability=\"32\">\n<p>Auteur : <span class=\"time\">lundi 03 juin 2019 19:26<\/span><\/p>\n<\/div>\n<div id=\"post_core\" readability=\"36\">\n<p>Le club de Tunis a \u00e9t\u00e9 sacr\u00e9e champion de Tunisie de la Ligue 1 professionnelle de football pour la saison 2018-2019 gr\u00e2ce sa victoire lundi \u00e0 Rad\u00e8s devant la JS Kairouanaise (4-0), en match en retard pour le compte de la 23e journ\u00e9e. L\u2019Esp\u00e9rance est l&rsquo;incontestable leader du classement du championnat tunisien avec 56 points comme l&rsquo;indique directinfo.com.<\/p>\n<p><strong>Publi\u00e9 dans :<\/strong> <span>Bela\u00efli<\/span><\/p>\n<\/div>\n<p>Auteur:<br \/>\n<a href=\"http:\/\/www.lebuteur.com\/article\/detail?titre=youcef-belaili-sacre-champion-de-tunisie-avec-lesperance-de-tunis&#038;id=89312&#038;utm_source=feedburner&#038;utm_medium=feed&#038;utm_campaign=Feed%3A+GalerieFArtciles+%28Les+derniers+articles++-+lebuteur.com%29\">Cliquez ici pour lire l&rsquo;article depuis sa source.<\/a><\/p>\n","protected":false},"excerpt":{"rendered":"<p>Auteur : lundi 03 juin 2019 19:26 Le club de Tunis a \u00e9t\u00e9 sacr\u00e9e champion de Tunisie de la Ligue 1 professionnelle de football pour la saison 2018-2019 gr\u00e2ce sa victoire lundi \u00e0 Rad\u00e8s devant la JS Kairouanaise (4-0), en match en retard pour le compte de la 23e journ\u00e9e. L\u2019Esp\u00e9rance est l&rsquo;incontestable leader du [&hellip;]<\/p>\n","protected":false},"author":1738,"featured_media":38505,"comment_status":"closed","ping_status":"closed","sticky":false,"template":"","format":"standard","meta":{"fifu_image_url":"","fifu_image_alt":"","footnotes":""},"categories":[53,75],"tags":[],"class_list":["post-38504","post","type-post","status-publish","format-standard","has-post-thumbnail","hentry","category-algerie","category-sport"],"_links":{"self":[{"href":"https:\/\/linitiative.ca\/International\/wp-json\/wp\/v2\/posts\/38504","targetHints":{"allow":["GET"]}}],"collection":[{"href":"https:\/\/linitiative.ca\/International\/wp-json\/wp\/v2\/posts"}],"about":[{"href":"https:\/\/linitiative.ca\/International\/wp-json\/wp\/v2\/types\/post"}],"author":[{"embeddable":true,"href":"https:\/\/linitiative.ca\/International\/wp-json\/wp\/v2\/users\/1738"}],"replies":[{"embeddable":true,"href":"https:\/\/linitiative.ca\/International\/wp-json\/wp\/v2\/comments?post=38504"}],"version-history":[{"count":0,"href":"https:\/\/linitiative.ca\/International\/wp-json\/wp\/v2\/posts\/38504\/revisions"}],"wp:featuredmedia":[{"embeddable":true,"href":"https:\/\/linitiative.ca\/International\/wp-json\/"}],"wp:attachment":[{"href":"https:\/\/linitiative.ca\/International\/wp-json\/wp\/v2\/media?parent=38504"}],"wp:term":[{"taxonomy":"category","embeddable":true,"href":"https:\/\/linitiative.ca\/International\/wp-json\/wp\/v2\/categories?post=38504"},{"taxonomy":"post_tag","embeddable":true,"href":"https:\/\/linitiative.ca\/International\/wp-json\/wp\/v2\/tags?post=38504"}],"curies":[{"name":"wp","href":"https:\/\/api.w.org\/{rel}","templated":true}]}}