{"id":38506,"date":"2019-06-03T15:14:15","date_gmt":"2019-06-03T19:14:15","guid":{"rendered":"https:\/\/linitiative.ca\/International\/pros-le-havre-bonne-nouvelle-pour-victor-lekhal\/"},"modified":"2019-06-03T15:14:15","modified_gmt":"2019-06-03T19:14:15","slug":"pros-le-havre-bonne-nouvelle-pour-victor-lekhal","status":"publish","type":"post","link":"https:\/\/linitiative.ca\/International\/pros-le-havre-bonne-nouvelle-pour-victor-lekhal\/","title":{"rendered":"Pros : Le Havre : Bonne nouvelle pour Victor Lekhal"},"content":{"rendered":"<div readability=\"32\">\n<p>Auteur : <span class=\"time\">lundi 03 juin 2019 19:58<\/span><\/p>\n<\/div>\n<div id=\"post_core\" readability=\"42\">\n<p>Le Havre a annonc\u00e9 ce lundi via son compte Twitter la prolongation de trois ann\u00e9es du contrat de son milieu de terrain Victor Lekhal, d\u00e9sormais li\u00e9 au club jusqu&rsquo;en 2023 comme l&rsquo;indique France Football.<\/p>\n<p>Le milieu de terrain alg\u00e9rien de 25 ans a toujours \u00e9volu\u00e9 sous les couleurs du Havre depuis 2012, en commen\u00e7ant avec l&rsquo;\u00e9quipe r\u00e9serve. Depuis l&rsquo;exercice 2016-2017, il a disput\u00e9 79 matches de Ligue 2 avec le club normand, dont 26 cette saison.<\/p>\n<p><strong>Publi\u00e9 dans :<\/strong> <span>Le Havre<\/span><\/p>\n<\/div>\n<p>Auteur:<br \/>\n<a href=\"http:\/\/www.lebuteur.com\/article\/detail?titre=le-havre-bonne-nouvelle-pour-victor-lekhal&#038;id=89317&#038;utm_source=feedburner&#038;utm_medium=feed&#038;utm_campaign=Feed%3A+GalerieFArtciles+%28Les+derniers+articles++-+lebuteur.com%29\">Cliquez ici pour lire l&rsquo;article depuis sa source.<\/a><\/p>\n","protected":false},"excerpt":{"rendered":"<p>Auteur : lundi 03 juin 2019 19:58 Le Havre a annonc\u00e9 ce lundi via son compte Twitter la prolongation de trois ann\u00e9es du contrat de son milieu de terrain Victor Lekhal, d\u00e9sormais li\u00e9 au club jusqu&rsquo;en 2023 comme l&rsquo;indique France Football. Le milieu de terrain alg\u00e9rien de 25 ans a toujours \u00e9volu\u00e9 sous les couleurs [&hellip;]<\/p>\n","protected":false},"author":1738,"featured_media":38507,"comment_status":"closed","ping_status":"closed","sticky":false,"template":"","format":"standard","meta":{"fifu_image_url":"","fifu_image_alt":"","footnotes":""},"categories":[53,75],"tags":[],"class_list":["post-38506","post","type-post","status-publish","format-standard","has-post-thumbnail","hentry","category-algerie","category-sport"],"_links":{"self":[{"href":"https:\/\/linitiative.ca\/International\/wp-json\/wp\/v2\/posts\/38506","targetHints":{"allow":["GET"]}}],"collection":[{"href":"https:\/\/linitiative.ca\/International\/wp-json\/wp\/v2\/posts"}],"about":[{"href":"https:\/\/linitiative.ca\/International\/wp-json\/wp\/v2\/types\/post"}],"author":[{"embeddable":true,"href":"https:\/\/linitiative.ca\/International\/wp-json\/wp\/v2\/users\/1738"}],"replies":[{"embeddable":true,"href":"https:\/\/linitiative.ca\/International\/wp-json\/wp\/v2\/comments?post=38506"}],"version-history":[{"count":0,"href":"https:\/\/linitiative.ca\/International\/wp-json\/wp\/v2\/posts\/38506\/revisions"}],"wp:featuredmedia":[{"embeddable":true,"href":"https:\/\/linitiative.ca\/International\/wp-json\/"}],"wp:attachment":[{"href":"https:\/\/linitiative.ca\/International\/wp-json\/wp\/v2\/media?parent=38506"}],"wp:term":[{"taxonomy":"category","embeddable":true,"href":"https:\/\/linitiative.ca\/International\/wp-json\/wp\/v2\/categories?post=38506"},{"taxonomy":"post_tag","embeddable":true,"href":"https:\/\/linitiative.ca\/International\/wp-json\/wp\/v2\/tags?post=38506"}],"curies":[{"name":"wp","href":"https:\/\/api.w.org\/{rel}","templated":true}]}}