{"id":38533,"date":"2019-06-03T13:43:00","date_gmt":"2019-06-03T17:43:00","guid":{"rendered":"https:\/\/linitiative.ca\/International\/condamne-pour-outrage-a-bouteflika-le-blogueur-abdellah-benaoum-libere\/"},"modified":"2019-06-03T13:43:00","modified_gmt":"2019-06-03T17:43:00","slug":"condamne-pour-outrage-a-bouteflika-le-blogueur-abdellah-benaoum-libere","status":"publish","type":"post","link":"https:\/\/linitiative.ca\/International\/condamne-pour-outrage-a-bouteflika-le-blogueur-abdellah-benaoum-libere\/","title":{"rendered":"CONDAMNE POUR OUTRAGE A BOUTEFLIKA : Le blogueur Abdellah Benaoum lib\u00e9r\u00e9"},"content":{"rendered":"<p><br id=\"sep_para_1\" class=\"sep_para access\"\/><\/p>\n<div id=\"para_1\" class=\"para_31446189 resize\">\n<div class=\"texte access firstletter\">Le blogueur Abdellah Benaoum a \u00e9t\u00e9 remis en libert\u00e9 ce lundi 3 juin, a annonc\u00e9 le journaliste et militant Sa\u00efd Boudour sur sa page Facebook. Condamn\u00e9 en avril 2018 \u00e0 deux ans de prison ferme pour outrage au pr\u00e9sident Abdelaziz Bouteflika, Abdellah Benaoum observait une gr\u00e8ve de la faim depuis 83 jours. Il a \u00e9t\u00e9 lib\u00e9r\u00e9 sur d\u00e9cision de la chambre d\u2019accusation du tribunal de Relizane. Dans une d\u00e9claration faite ce samedi au quotidien El-Watan, son avocat Me Kerma Mohamed, affirmait que M. Benaoum \u00e9tait \u00ab plac\u00e9 en soins intensifs au centre hospitalo-universitaire (CHU) de Sidi Bel Abb\u00e8s \u00bb. Selon son avocat, l\u2019\u00e9tat de sant\u00e9 du blogueur est \u00ab inqui\u00e9tant \u00bb. \u00ab Il a perdu beaucoup de poids et se d\u00e9place en chaise roulante \u00bb, a-t-il confi\u00e9 \u00e0 El-Watan.\u00a0\u00a0\u00a0<\/div>\n<\/div>\n<p>Auteur: Ismain<br \/>\n<a href=\"https:\/\/www.reflexiondz.net\/CONDAMNE-POUR-OUTRAGE-A-BOUTEFLIKA-Le-blogueur-Abdellah-Benaoum-libere_a56083.html\">Cliquez ici pour lire l&rsquo;article depuis sa source.<\/a><\/p>\n","protected":false},"excerpt":{"rendered":"<p>Le blogueur Abdellah Benaoum a \u00e9t\u00e9 remis en libert\u00e9 ce lundi 3 juin, a annonc\u00e9 le journaliste et militant Sa\u00efd Boudour sur sa page Facebook. Condamn\u00e9 en avril 2018 \u00e0 deux ans de prison ferme pour outrage au pr\u00e9sident Abdelaziz Bouteflika, Abdellah Benaoum observait une gr\u00e8ve de la faim depuis 83 jours. Il a \u00e9t\u00e9 [&hellip;]<\/p>\n","protected":false},"author":1740,"featured_media":0,"comment_status":"closed","ping_status":"closed","sticky":false,"template":"","format":"standard","meta":{"fifu_image_url":"","fifu_image_alt":"","footnotes":""},"categories":[53,76],"tags":[],"class_list":["post-38533","post","type-post","status-publish","format-standard","hentry","category-algerie","category-regions"],"_links":{"self":[{"href":"https:\/\/linitiative.ca\/International\/wp-json\/wp\/v2\/posts\/38533","targetHints":{"allow":["GET"]}}],"collection":[{"href":"https:\/\/linitiative.ca\/International\/wp-json\/wp\/v2\/posts"}],"about":[{"href":"https:\/\/linitiative.ca\/International\/wp-json\/wp\/v2\/types\/post"}],"author":[{"embeddable":true,"href":"https:\/\/linitiative.ca\/International\/wp-json\/wp\/v2\/users\/1740"}],"replies":[{"embeddable":true,"href":"https:\/\/linitiative.ca\/International\/wp-json\/wp\/v2\/comments?post=38533"}],"version-history":[{"count":0,"href":"https:\/\/linitiative.ca\/International\/wp-json\/wp\/v2\/posts\/38533\/revisions"}],"wp:attachment":[{"href":"https:\/\/linitiative.ca\/International\/wp-json\/wp\/v2\/media?parent=38533"}],"wp:term":[{"taxonomy":"category","embeddable":true,"href":"https:\/\/linitiative.ca\/International\/wp-json\/wp\/v2\/categories?post=38533"},{"taxonomy":"post_tag","embeddable":true,"href":"https:\/\/linitiative.ca\/International\/wp-json\/wp\/v2\/tags?post=38533"}],"curies":[{"name":"wp","href":"https:\/\/api.w.org\/{rel}","templated":true}]}}