{"id":38548,"date":"2019-06-03T16:33:03","date_gmt":"2019-06-03T20:33:03","guid":{"rendered":"https:\/\/linitiative.ca\/International\/sa-redaction-est-ciblee-sur-les-reseaux-sociaux-le-provincial-interpelle-les-services-de-securite\/"},"modified":"2019-06-03T16:33:03","modified_gmt":"2019-06-03T20:33:03","slug":"sa-redaction-est-ciblee-sur-les-reseaux-sociaux-le-provincial-interpelle-les-services-de-securite","status":"publish","type":"post","link":"https:\/\/linitiative.ca\/International\/sa-redaction-est-ciblee-sur-les-reseaux-sociaux-le-provincial-interpelle-les-services-de-securite\/","title":{"rendered":"Sa r\u00e9daction est cibl\u00e9e sur les r\u00e9seaux sociaux : Le Provincial interpelle les services de s\u00e9curit\u00e9"},"content":{"rendered":"<h4 class=\"title-14\"\/>\n<p>Les attaques contre la presse se multiplient, notamment \u00e0 travers des harc\u00e8lements et autres intimidations ciblant les journalistes. Derni\u00e8rement, c\u2019est le quotidien Le Provincial, bas\u00e9 \u00e0 Annaba, qui est la cible de ces attaques l\u00e2ches.<\/p>\n<p>\u00ab\u00a0Depuis quelques semaines, le journal\u00a0Le Provincial\u00a0fait l\u2019objet d\u2019attaques pernicieuses sur les r\u00e9seaux sociaux et lors des marches populaires qui se d\u00e9roulent depuis 15 vendredi.\u00a0\u00bb, \u00e9crit la direction du journal dans un communiqu\u00e9 publi\u00e9 dimanche sur son site.<\/p>\n<p>C\u2019est sur les r\u00e9seaux sociaux, essentiellement, que les auteurs de ces attaques agissent, et de mani\u00e8re anonyme notamment, pour intimider les journalistes et leur faire peur. Le r\u00e9dacteur en chef du journal Le Provincial, Mustapha Bendjamaa, a \u00e9t\u00e9 cibl\u00e9 aussi par des menaces \u00e0 peine voil\u00e9es, prof\u00e9r\u00e9es \u00e0 travers des appels t\u00e9l\u00e9phoniques. Ce dernier est attaqu\u00e9 aussi sur Facebook par des anonymes qui l\u2019ont d\u00e9sign\u00e9 comme cible en donnant l\u2019adresse de son domicile.<\/p>\n<p>\u00ab\u00a0Des internautes courageusement tapis \u00e0 l\u2019ombre de l\u2019anonymat sont arriv\u00e9s \u00e0 s\u2019en prendre \u00e9galement \u00e0 la personne du r\u00e9dacteur en chef \u00e0 travers des posts haineux, l\u2019identifiant \u00abanti dialogue et anti Alg\u00e9rie\u00bb, indiquant son lieu de travail et le titre dans lequel il active.\u00a0\u00bb, lit-on encore dans le m\u00eame communiqu\u00e9 de presse.<\/p>\n<p>Les bouleversements provoqu\u00e9s par le mouvement populaire du 22 f\u00e9vrier ont d\u00e9stabilis\u00e9 les forces anti d\u00e9mocratiques, lesquelles r\u00e9agissent naturellement et souvent par la violence, \u00e0 travers des relais et des sbires.<\/p>\n<p>Ces derniers se chargent, entre autres, de s\u2019attaquer aux voix qui portent les aspirations du peuple, notamment la presse qui refuse d\u2019\u00eatre \u00e0 la solde des pouvoirs politiques et ceux de l\u2019argent.<\/p>\n<p>Ces agents comme leurs commanditaires sont facile \u00e0 identifier selon la r\u00e9daction du journal\u00a0: \u00ab\u00a0Ces d\u00e9rives dont le c\u00f4t\u00e9 naus\u00e9abond porte la signature \u00abCachiristes et alli\u00e9s\u00bb, permet d\u2019en identifier les bras arm\u00e9s ainsi que les t\u00eates mal-pensantes.\u00a0\u00bb<\/p>\n<p>Ce pourquoi, Le Provincial prend \u00e0 t\u00e9moin l\u2019opinion publique et interpelle les services de s\u00e9curit\u00e9, afin, \u00e9crit la direction du journal, que chacun assume ses responsabilit\u00e9s.<\/p>\n<p><span class=\"post-views-label\">Post Views:<\/span> <span class=\"post-views-count\">96<\/span><\/p>\n<p>Auteur: Mourad Hachid<br \/>\n<a href=\"https:\/\/www.elwatan.com\/edition\/actualite\/sa-redaction-est-ciblee-sur-les-reseaux-sociaux-le-provincial-interpelle-les-services-de-securite-03-06-2019\">Cliquez ici pour lire l&rsquo;article depuis sa source.<\/a><\/p>\n","protected":false},"excerpt":{"rendered":"<p>Les attaques contre la presse se multiplient, notamment \u00e0 travers des harc\u00e8lements et autres intimidations ciblant les journalistes. Derni\u00e8rement, c\u2019est le quotidien Le Provincial, bas\u00e9 \u00e0 Annaba, qui est la cible de ces attaques l\u00e2ches. \u00ab\u00a0Depuis quelques semaines, le journal\u00a0Le Provincial\u00a0fait l\u2019objet d\u2019attaques pernicieuses sur les r\u00e9seaux sociaux et lors des marches populaires qui se [&hellip;]<\/p>\n","protected":false},"author":1743,"featured_media":0,"comment_status":"closed","ping_status":"closed","sticky":false,"template":"","format":"standard","meta":{"fifu_image_url":"","fifu_image_alt":"","footnotes":""},"categories":[73,53],"tags":[],"class_list":["post-38548","post","type-post","status-publish","format-standard","hentry","category-actualite","category-algerie"],"_links":{"self":[{"href":"https:\/\/linitiative.ca\/International\/wp-json\/wp\/v2\/posts\/38548","targetHints":{"allow":["GET"]}}],"collection":[{"href":"https:\/\/linitiative.ca\/International\/wp-json\/wp\/v2\/posts"}],"about":[{"href":"https:\/\/linitiative.ca\/International\/wp-json\/wp\/v2\/types\/post"}],"author":[{"embeddable":true,"href":"https:\/\/linitiative.ca\/International\/wp-json\/wp\/v2\/users\/1743"}],"replies":[{"embeddable":true,"href":"https:\/\/linitiative.ca\/International\/wp-json\/wp\/v2\/comments?post=38548"}],"version-history":[{"count":0,"href":"https:\/\/linitiative.ca\/International\/wp-json\/wp\/v2\/posts\/38548\/revisions"}],"wp:attachment":[{"href":"https:\/\/linitiative.ca\/International\/wp-json\/wp\/v2\/media?parent=38548"}],"wp:term":[{"taxonomy":"category","embeddable":true,"href":"https:\/\/linitiative.ca\/International\/wp-json\/wp\/v2\/categories?post=38548"},{"taxonomy":"post_tag","embeddable":true,"href":"https:\/\/linitiative.ca\/International\/wp-json\/wp\/v2\/tags?post=38548"}],"curies":[{"name":"wp","href":"https:\/\/api.w.org\/{rel}","templated":true}]}}