{"id":38549,"date":"2019-06-03T16:51:40","date_gmt":"2019-06-03T20:51:40","guid":{"rendered":"https:\/\/linitiative.ca\/International\/une-commission-officielle-a-ete-depechee-sur-site-aucune-agression-constatee-sur-les-dolmens-de-bounouara\/"},"modified":"2019-06-03T16:51:40","modified_gmt":"2019-06-03T20:51:40","slug":"une-commission-officielle-a-ete-depechee-sur-site-aucune-agression-constatee-sur-les-dolmens-de-bounouara","status":"publish","type":"post","link":"https:\/\/linitiative.ca\/International\/une-commission-officielle-a-ete-depechee-sur-site-aucune-agression-constatee-sur-les-dolmens-de-bounouara\/","title":{"rendered":"Une commission officielle a \u00e9t\u00e9 d\u00e9p\u00each\u00e9e sur site : \u00ab Aucune agression constat\u00e9e sur les dolmens de Bounouara \u00bb"},"content":{"rendered":"<h4 class=\"title-14\"\/>\n<div class=\"featured_image\"><img width=\"1200\" height=\"900\" data-cfsrc=\"https:\/\/www.elwatan.com\/wp-content\/uploads\/2019\/06\/ob_6a92b3_dsc03240.jpg\" class=\"attachment-post-thumbnail size-post-thumbnail wp-post-image c1\" alt=\"\" srcset=\"https:\/\/www.elwatan.com\/wp-content\/uploads\/2019\/06\/ob_6a92b3_dsc03240.jpg 1200w, https:\/\/www.elwatan.com\/wp-content\/uploads\/2019\/06\/ob_6a92b3_dsc03240-300x225.jpg 300w, https:\/\/www.elwatan.com\/wp-content\/uploads\/2019\/06\/ob_6a92b3_dsc03240-768x576.jpg 768w, https:\/\/www.elwatan.com\/wp-content\/uploads\/2019\/06\/ob_6a92b3_dsc03240-1024x768.jpg 1024w\" sizes=\"(max-width: 1200px) 100vw, 1200px\"\/><noscript><\/p>\n<p><img loading=\"lazy\" decoding=\"async\" width=\"1200\" height=\"900\" src=\"https:\/\/www.elwatan.com\/wp-content\/uploads\/2019\/06\/ob_6a92b3_dsc03240.jpg\" class=\"attachment-post-thumbnail size-post-thumbnail wp-post-image\" alt=\"\" srcset=\"https:\/\/www.elwatan.com\/wp-content\/uploads\/2019\/06\/ob_6a92b3_dsc03240.jpg 1200w, https:\/\/www.elwatan.com\/wp-content\/uploads\/2019\/06\/ob_6a92b3_dsc03240-300x225.jpg 300w, https:\/\/www.elwatan.com\/wp-content\/uploads\/2019\/06\/ob_6a92b3_dsc03240-768x576.jpg 768w, https:\/\/www.elwatan.com\/wp-content\/uploads\/2019\/06\/ob_6a92b3_dsc03240-1024x768.jpg 1024w\" sizes=\"auto, (max-width: 1200px) 100vw, 1200px\"\/><\/p>\n<p><\/noscript><\/div>\n<p>Des cadres de la wilaya de Constantine ont d\u00e9menti cet apr\u00e8s-midi l\u2019agression contre les dolmens de Bounouara.<\/p>\n<p>Interrog\u00e9 par El Watan, Bachir Sahraoui, directeur des mines et de l\u2019industrie de la wilaya, s\u2019exprimant au nom de la commission d\u00e9p\u00each\u00e9e par le wali, a exclu toute forme de saccage. \u00ab\u00a0La commission a constat\u00e9 l\u2019existence de deux dolmens sur le p\u00e9rim\u00e8tre d\u2019une carri\u00e8re \u00e0 l\u2019arr\u00eat. En plus, l\u2019exploitant a pris le soin d\u2019\u00e9riger une cl\u00f4ture autour de ces deux s\u00e9pultures.\u00a0\u00bb<\/p>\n<p>Cette version est \u00e0 l\u2019antipode de la description faite par une arch\u00e9ologue italienne qui travaille sur le site, et confirm\u00e9e par des citoyens de Constantine. L\u2019alerte relay\u00e9e samedi sur le site web d\u2019El Watan a indign\u00e9 l\u2019opinion publique et a fait pourtant bouger les autorit\u00e9s qui se sont d\u00e9plac\u00e9es hier sur le site.<\/p>\n<p>La commission compos\u00e9e du directeur des mines et de l\u2019industrie, du directeur de la culture, auxquels s\u2019est joint le repr\u00e9sentant de l\u2019Office de gestion et d\u2019exploitation des biens culturels (OGEBC), a d\u00e9cid\u00e9 cependant d\u2019un nombre de mesures d\u2019urgence pour prot\u00e9ger le territoire des dolmens de Bounouara.<\/p>\n<p>Toujours selon M. Sahraoui, il a \u00e9t\u00e9 pr\u00e9vu de recenser et d\u00e9limiter la zone o\u00f9 se trouvent les dolmens, de soumettre toute demande de renouvellement des titres miniers \u00e0 l\u2019avis de la direction de la culture et aussi d\u2019envoyer des mises en demeure \u00e0 une exploitant pour le sommer d\u2019enlever des d\u00e9blais qu\u2019il a d\u00e9lib\u00e9r\u00e9ment d\u00e9pos\u00e9 en dehors de son p\u00e9rim\u00e8tre.<\/p>\n<p>La vaste n\u00e9cropole m\u00e9galithique situ\u00e9e pr\u00e8s du village de Bounouara s\u2019\u00e9tend sur le versant ouest du Djebel Mazela sur la route de Guelma, \u00e0 trente kilom\u00e8tres au sud-est de Constantine. Le probl\u00e8me avec ce site pr\u00e9cieux, le plus grand en Afrique, est l\u2019absence de d\u00e9limitation et d\u2019un recensement pr\u00e9cis.<\/p>\n<p>On estime entre 3000 et 4000 les dolmens \u00e9parpill\u00e9s sur le territoire en question. Les cadres accompagn\u00e9s par des arch\u00e9ologues de l\u2019OGEBC et des exploitants miniers ont visit\u00e9 les sept carri\u00e8res de la r\u00e9gion, dont deux sont \u00e0 l\u2019arr\u00eat. L\u2019activit\u00e9 sur ces deux derni\u00e8res a \u00e9t\u00e9 suspendue en 2012, pr\u00e9cise Aribi Zitouni, directeur de la culture de la wilaya.<\/p>\n<p>Ce dernier a d\u00e9clar\u00e9 \u00e0 El Watan que la plus importante des mesures prises hier concerne la protection du site contre les agressions \u00e0 l\u2019avenir. \u00ab\u00a0Au d\u00e9partement de la Culture, il \u00e9tait pr\u00e9vu un projet d\u2019inventaire et de d\u00e9limitation du site de Bounouara en 2020, mais suite \u00e0 cette alerte et m\u00eame si elle s\u2019est av\u00e9r\u00e9e fausse, nous avons d\u00e9cid\u00e9 d\u2019avancer la mise en \u0153uvre du projet \u00e0 2019.\u00a0\u00bb, a-t-il expliqu\u00e9.<\/p>\n<p>A la question de savoir comment se fait-il que des permis d\u2019exploitation mini\u00e8re soient accord\u00e9e sur des sites class\u00e9s et donc prot\u00e9g\u00e9s par la loi, le m\u00eame responsable a r\u00e9pondu qu\u2019\u00a0\u00ab\u00a0en principe la direction de la culture doit donner son avis en pareils cas, mais l\u2019absence de d\u00e9limitation du site ne permet pas toujours d\u2019intervenir avec pr\u00e9cision.\u00a0\u00bb<\/p>\n<p>En Alg\u00e9rie, le manque de coordination entre secteurs, voire le chevauchement des pr\u00e9rogatives, a provoqu\u00e9 de nombreux cas d\u2019atteinte au patrimoine culturel et historique.<\/p>\n<p><span class=\"post-views-label\">Post Views:<\/span> <span class=\"post-views-count\">0<\/span><\/p>\n<p>Auteur: Mourad Hachid<br \/>\n<a href=\"https:\/\/www.elwatan.com\/edition\/actualite\/une-commission-officielle-a-ete-depechee-sur-site-aucune-agression-constatee-sur-les-dolmens-de-bounouara-03-06-2019\">Cliquez ici pour lire l&rsquo;article depuis sa source.<\/a><\/p>\n","protected":false},"excerpt":{"rendered":"<p>Des cadres de la wilaya de Constantine ont d\u00e9menti cet apr\u00e8s-midi l\u2019agression contre les dolmens de Bounouara. Interrog\u00e9 par El Watan, Bachir Sahraoui, directeur des mines et de l\u2019industrie de la wilaya, s\u2019exprimant au nom de la commission d\u00e9p\u00each\u00e9e par le wali, a exclu toute forme de saccage. \u00ab\u00a0La commission a constat\u00e9 l\u2019existence de deux [&hellip;]<\/p>\n","protected":false},"author":1743,"featured_media":38550,"comment_status":"closed","ping_status":"closed","sticky":false,"template":"","format":"standard","meta":{"fifu_image_url":"","fifu_image_alt":"","footnotes":""},"categories":[73,53],"tags":[],"class_list":["post-38549","post","type-post","status-publish","format-standard","has-post-thumbnail","hentry","category-actualite","category-algerie"],"_links":{"self":[{"href":"https:\/\/linitiative.ca\/International\/wp-json\/wp\/v2\/posts\/38549","targetHints":{"allow":["GET"]}}],"collection":[{"href":"https:\/\/linitiative.ca\/International\/wp-json\/wp\/v2\/posts"}],"about":[{"href":"https:\/\/linitiative.ca\/International\/wp-json\/wp\/v2\/types\/post"}],"author":[{"embeddable":true,"href":"https:\/\/linitiative.ca\/International\/wp-json\/wp\/v2\/users\/1743"}],"replies":[{"embeddable":true,"href":"https:\/\/linitiative.ca\/International\/wp-json\/wp\/v2\/comments?post=38549"}],"version-history":[{"count":0,"href":"https:\/\/linitiative.ca\/International\/wp-json\/wp\/v2\/posts\/38549\/revisions"}],"wp:featuredmedia":[{"embeddable":true,"href":"https:\/\/linitiative.ca\/International\/wp-json\/"}],"wp:attachment":[{"href":"https:\/\/linitiative.ca\/International\/wp-json\/wp\/v2\/media?parent=38549"}],"wp:term":[{"taxonomy":"category","embeddable":true,"href":"https:\/\/linitiative.ca\/International\/wp-json\/wp\/v2\/categories?post=38549"},{"taxonomy":"post_tag","embeddable":true,"href":"https:\/\/linitiative.ca\/International\/wp-json\/wp\/v2\/tags?post=38549"}],"curies":[{"name":"wp","href":"https:\/\/api.w.org\/{rel}","templated":true}]}}