{"id":38571,"date":"2019-06-03T08:11:10","date_gmt":"2019-06-03T12:11:10","guid":{"rendered":"https:\/\/linitiative.ca\/International\/nabil-ben-abdellah-appelle-a-la-liberation-des-detenus-politiques\/"},"modified":"2019-06-03T08:11:10","modified_gmt":"2019-06-03T12:11:10","slug":"nabil-ben-abdellah-appelle-a-la-liberation-des-detenus-politiques","status":"publish","type":"post","link":"https:\/\/linitiative.ca\/International\/nabil-ben-abdellah-appelle-a-la-liberation-des-detenus-politiques\/","title":{"rendered":"Nabil Ben Abdellah appelle \u00e0 la lib\u00e9ration des d\u00e9tenus politiques"},"content":{"rendered":"<p>Invit\u00e9 par MFM, \u00e0 \u00ab\u00a0d\u00e9cryptage\u00a0\u00bb, le dimanche 2 juin, le secr\u00e9taire g\u00e9n\u00e9ral du PPS a su faire preuve de capacit\u00e9s extraordinaires pour esquiver. C\u2019est un \u00ab\u00a0boxeur politique\u00a0\u00bb qui, sans \u00eatre agressif, sait fatiguer ses adversaires, avant de contre-attaquer. Et, \u00e0 ce moment-l\u00e0, ses coups sont\u00a0 directs et bien mesur\u00e9s.<\/p>\n<div class=\"c10\"\/>\n<p>Nabil Ben Abdellah repr\u00e9sente un parti qui a une longue histoire. Ce parti, n\u00e9 \u00e0 l\u2019\u00e9poque coloniale, a su int\u00e9grer le mouvement de lib\u00e9ration nationale, sans tomber dans une vision nationaliste chauviniste. Apr\u00e8s l\u2019ind\u00e9pendance, il saura se maintenir, m\u00eame dans les moments politiques les plus difficiles. Mais, aujourd\u2019hui, aurait-il perdu son \u00e2me en rejoignant le gouvernement dirig\u00e9 par le PJD\u00a0?<\/p>\n<p>C\u2019est surtout \u00e0 cette question qu\u2019a essay\u00e9 de r\u00e9pondre le secr\u00e9taire g\u00e9n\u00e9ral du PPS. Le premier th\u00e8me abord\u00e9 a \u00e9t\u00e9 celui de la question palestinienne. Une question qui aurait tendance \u00e0 \u00eatre de plus en plus marginalis\u00e9e sur le plan m\u00e9diatique. Le SG du PPS a une parfaite ma\u00eetrise de ce dossier. L\u2019Etat d\u2019Isra\u00ebl cr\u00e9\u00e9 en 1948 est la concr\u00e9tisation du projet sioniste avec l\u2019appui de l\u2019imp\u00e9rialisme britannique. Actuellement, l\u2019Etat sioniste tire sa force de l\u2019affaiblissement interne du mouvement palestinien, en particulier l\u2019OLP, et de l\u2019autodestruction que connaissent les Etats arabes au Proche Orient. Les Etats-Unis d\u2019Am\u00e9rique, principal alli\u00e9 de l\u2019entit\u00e9 sioniste, ont largement contribu\u00e9 \u00e0 cette situation. Pour Nabil Ben Abdellah, la Palestine est d\u2019abord une question de justice qui concerne toute l\u2019humanit\u00e9.<\/p>\n<p>Au niveau national, Ben Abdellah justifie l\u2019alliance de son parti avec le PJD par le choix d\u2019\u00eatre au sein du gouvernement, consid\u00e9r\u00e9 comme un espace \u00e0 ne pas n\u00e9gliger pour continuer \u00e0 exercer les pressions n\u00e9cessaires aux r\u00e9formes des institutions. Pour le SG du PPS, les priorit\u00e9s actuelles se situent dans la d\u00e9clinaison effective des principes contenus dans la nouvelle Constitution, en vue d\u2019asseoir solidement la d\u00e9mocratie dans un Etat de droit, avec une s\u00e9paration des pouvoirs et la mise en place d\u2019institutions pleinement responsables politiquement.<\/p>\n<p>Ainsi, sans remettre en cause la place naturelle du PPS au sein de la gauche, Nabil Ben Abdellah voit dans le PJD un parti politique transform\u00e9 positivement par l\u2019exercice concret du pouvoir, un parti adoptant de plus en plus une attitude pragmatique et consensuelle. Tout en reconnaissant certains aspects n\u00e9gatifs du bilan du gouvernement actuel, aspects ayant trait surtout au respect des droits humains, pour le SG du PPS, s\u2019adapter ne signifie point abandonner ou se soumettre passivement \u00e0 la r\u00e9alit\u00e9.<\/p>\n<p>A cette occasion, le SG du PPS a lanc\u00e9 un appel \u00e0 la lib\u00e9ration des d\u00e9tenus politiques, pour tourner la page et r\u00e9tablir la confiance des citoyens. C\u2019est l\u00e0 une position courageuse qui m\u00e9rite d\u2019\u00eatre soulign\u00e9e et qui est aussi une r\u00e9ponse \u00e0 la question de d\u00e9part. Malgr\u00e9 les vents et les temp\u00eates, le PPS semble garder la bonne direction, celle de l\u2019histoire avec un grand H.<\/p>\n<div class=\"c17\">\n<fieldset class=\"c16\">\n<legend><strong><span class=\"c11\">Challenge<\/span><span class=\"c12\">news<\/span><\/strong><\/legend>\n<div class=\"c15\">Le meilleur de la r\u00e9daction s\u00e9lectionn\u00e9 par Challenge :<\/p>\n<\/div>\n<\/fieldset>\n<\/div>\n<p>Auteur: Mohamed Amine<br \/>\n<a href=\"https:\/\/www.challenge.ma\/nabil-ben-abdellah-appelle-a-la-liberation-des-detenus-politiques-110109\/\">Cliquez ici pour lire l&rsquo;article depuis sa source.<\/a><\/p>\n","protected":false},"excerpt":{"rendered":"<p>Invit\u00e9 par MFM, \u00e0 \u00ab\u00a0d\u00e9cryptage\u00a0\u00bb, le dimanche 2 juin, le secr\u00e9taire g\u00e9n\u00e9ral du PPS a su faire preuve de capacit\u00e9s extraordinaires pour esquiver. C\u2019est un \u00ab\u00a0boxeur politique\u00a0\u00bb qui, sans \u00eatre agressif, sait fatiguer ses adversaires, avant de contre-attaquer. Et, \u00e0 ce moment-l\u00e0, ses coups sont\u00a0 directs et bien mesur\u00e9s. Nabil Ben Abdellah repr\u00e9sente un parti [&hellip;]<\/p>\n","protected":false},"author":1787,"featured_media":0,"comment_status":"closed","ping_status":"closed","sticky":false,"template":"","format":"standard","meta":{"fifu_image_url":"","fifu_image_alt":"","footnotes":""},"categories":[78,54],"tags":[],"class_list":["post-38571","post","type-post","status-publish","format-standard","hentry","category-economie","category-maroc"],"_links":{"self":[{"href":"https:\/\/linitiative.ca\/International\/wp-json\/wp\/v2\/posts\/38571","targetHints":{"allow":["GET"]}}],"collection":[{"href":"https:\/\/linitiative.ca\/International\/wp-json\/wp\/v2\/posts"}],"about":[{"href":"https:\/\/linitiative.ca\/International\/wp-json\/wp\/v2\/types\/post"}],"author":[{"embeddable":true,"href":"https:\/\/linitiative.ca\/International\/wp-json\/wp\/v2\/users\/1787"}],"replies":[{"embeddable":true,"href":"https:\/\/linitiative.ca\/International\/wp-json\/wp\/v2\/comments?post=38571"}],"version-history":[{"count":0,"href":"https:\/\/linitiative.ca\/International\/wp-json\/wp\/v2\/posts\/38571\/revisions"}],"wp:attachment":[{"href":"https:\/\/linitiative.ca\/International\/wp-json\/wp\/v2\/media?parent=38571"}],"wp:term":[{"taxonomy":"category","embeddable":true,"href":"https:\/\/linitiative.ca\/International\/wp-json\/wp\/v2\/categories?post=38571"},{"taxonomy":"post_tag","embeddable":true,"href":"https:\/\/linitiative.ca\/International\/wp-json\/wp\/v2\/tags?post=38571"}],"curies":[{"name":"wp","href":"https:\/\/api.w.org\/{rel}","templated":true}]}}