{"id":38581,"date":"2019-06-03T12:18:34","date_gmt":"2019-06-03T16:18:34","guid":{"rendered":"https:\/\/linitiative.ca\/International\/casablanca-lapd-recoit-le-celebre-entrepreneur-et-inventeur-americain-jordan-noone-le-13-juin\/"},"modified":"2019-06-03T12:18:34","modified_gmt":"2019-06-03T16:18:34","slug":"casablanca-lapd-recoit-le-celebre-entrepreneur-et-inventeur-americain-jordan-noone-le-13-juin","status":"publish","type":"post","link":"https:\/\/linitiative.ca\/International\/casablanca-lapd-recoit-le-celebre-entrepreneur-et-inventeur-americain-jordan-noone-le-13-juin\/","title":{"rendered":"Casablanca : l\u2019APD re\u00e7oit le c\u00e9l\u00e8bre entrepreneur et inventeur am\u00e9ricain Jordan Noone le 13 juin"},"content":{"rendered":"<p>L\u2019Association pour le Progr\u00e8s des Dirigeants (APD) re\u00e7oit, le 13 juin \u00e0 Casablanca, le c\u00e9l\u00e8bre entrepreneur et inventeur am\u00e9ricain\u00a0<strong>Jordan Noone<\/strong> pour animer une conf\u00e9rence sous le th\u00e8me\u00a0: \u00ab3 D Printing and the futur of Manufacturing\u00a0\u00bb.<\/p>\n<div class=\"c10\"\/>\n<p>Fid\u00e8le \u00e0 sa r\u00e9putation, l\u2019Association pour le Progr\u00e8s des Dirigeants, pr\u00e9sid\u00e9e par Farida Jirari, est aujourd\u2019hui l\u2019une des rares organisations, voire la seule \u00e0 inviter des sommit\u00e9s pour d\u00e9battre de sujets \u00e9conomiques.<\/p>\n<p>Ancien collaborateur d\u2019<strong>Elon Musk<\/strong>, Jordan\u00a0a commenc\u00e9 sa carri\u00e8re au\u00a0prestigieux laboratoire de recherche\u00a0a\u00e9ronautique\u00a0HRL -propri\u00e9t\u00e9\u00a0de\u00a0Boeing et General Motors-\u00a0en Californie,\u00a0avant de rejoindre respectivement l\u2019entreprise\u00a0a\u00e9rospatiale de\u00a0Jeff Bezos,\u00a0Blue Origin\u00a0et puis celle d\u2019Elon Musk,\u00a0SpaceX. Il a par la suite co-fond\u00e9\u00a0Relativity Spacce,\u00a0la\u00a0premi\u00e8re\u00a0et\u00a0unique\u00a0entreprise a\u00e9rospatiale qui\u00a0utilise\u00a0exclusivement\u00a0l\u2019impression 3D pour la fabrication des fus\u00e9es. Il en assume actuellement\u00a0la direction technologique.<\/p>\n<p>Joran Noone est class\u00e9 parmi\u00a0les 30 jeunes entrepreneurs de\u00a0moins de 30 ans\u00a0les\u00a0plus prometteurs\u00a0par <strong>Forbes<\/strong>, Business Insider\u00a0et Inc Magazine.\u200b<\/p>\n<div class=\"c17\">\n<fieldset class=\"c16\">\n<legend><strong><span class=\"c11\">Challenge<\/span><span class=\"c12\">news<\/span><\/strong><\/legend>\n<div class=\"c15\">Le meilleur de la r\u00e9daction s\u00e9lectionn\u00e9 par Challenge :<\/p>\n<\/div>\n<\/fieldset>\n<\/div>\n<p>Auteur: Hassan Manyani<br \/>\n<a href=\"https:\/\/www.challenge.ma\/casablanca-lapd-recoit-le-celebre-entrepreneur-et-inventeur-americain-jordan-noone-le-13-juin-110200\/\">Cliquez ici pour lire l&rsquo;article depuis sa source.<\/a><\/p>\n","protected":false},"excerpt":{"rendered":"<p>L\u2019Association pour le Progr\u00e8s des Dirigeants (APD) re\u00e7oit, le 13 juin \u00e0 Casablanca, le c\u00e9l\u00e8bre entrepreneur et inventeur am\u00e9ricain\u00a0Jordan Noone pour animer une conf\u00e9rence sous le th\u00e8me\u00a0: \u00ab3 D Printing and the futur of Manufacturing\u00a0\u00bb. Fid\u00e8le \u00e0 sa r\u00e9putation, l\u2019Association pour le Progr\u00e8s des Dirigeants, pr\u00e9sid\u00e9e par Farida Jirari, est aujourd\u2019hui l\u2019une des rares organisations, [&hellip;]<\/p>\n","protected":false},"author":1787,"featured_media":0,"comment_status":"closed","ping_status":"closed","sticky":false,"template":"","format":"standard","meta":{"fifu_image_url":"","fifu_image_alt":"","footnotes":""},"categories":[78,54],"tags":[],"class_list":["post-38581","post","type-post","status-publish","format-standard","hentry","category-economie","category-maroc"],"_links":{"self":[{"href":"https:\/\/linitiative.ca\/International\/wp-json\/wp\/v2\/posts\/38581","targetHints":{"allow":["GET"]}}],"collection":[{"href":"https:\/\/linitiative.ca\/International\/wp-json\/wp\/v2\/posts"}],"about":[{"href":"https:\/\/linitiative.ca\/International\/wp-json\/wp\/v2\/types\/post"}],"author":[{"embeddable":true,"href":"https:\/\/linitiative.ca\/International\/wp-json\/wp\/v2\/users\/1787"}],"replies":[{"embeddable":true,"href":"https:\/\/linitiative.ca\/International\/wp-json\/wp\/v2\/comments?post=38581"}],"version-history":[{"count":0,"href":"https:\/\/linitiative.ca\/International\/wp-json\/wp\/v2\/posts\/38581\/revisions"}],"wp:attachment":[{"href":"https:\/\/linitiative.ca\/International\/wp-json\/wp\/v2\/media?parent=38581"}],"wp:term":[{"taxonomy":"category","embeddable":true,"href":"https:\/\/linitiative.ca\/International\/wp-json\/wp\/v2\/categories?post=38581"},{"taxonomy":"post_tag","embeddable":true,"href":"https:\/\/linitiative.ca\/International\/wp-json\/wp\/v2\/tags?post=38581"}],"curies":[{"name":"wp","href":"https:\/\/api.w.org\/{rel}","templated":true}]}}