{"id":38592,"date":"2019-06-03T16:35:21","date_gmt":"2019-06-03T20:35:21","guid":{"rendered":"https:\/\/linitiative.ca\/International\/tunisie-derniere-minute-premier-jour-de-laid-al-fitr-apres-demain-le-mercredi-5-juin\/"},"modified":"2019-06-03T16:35:21","modified_gmt":"2019-06-03T20:35:21","slug":"tunisie-derniere-minute-premier-jour-de-laid-al-fitr-apres-demain-le-mercredi-5-juin","status":"publish","type":"post","link":"https:\/\/linitiative.ca\/International\/tunisie-derniere-minute-premier-jour-de-laid-al-fitr-apres-demain-le-mercredi-5-juin\/","title":{"rendered":"Tunisie \u2013 DERNIERE MINUTE\u00a0: Premier jour de l\u2019A\u00efd Al Fitr apr\u00e8s demain le mercredi 5 juin,"},"content":{"rendered":"<div class=\"post-cont-in left relative\">\n<div class=\"swp_social_panel swp_horizontal_panel swp_flat_fresh swp_default_full_color swp_individual_full_color swp_other_full_color scale-100 scale-\" data-min-width=\"1100\" data-float-color=\"#ffffff\" data-float=\"none\" data-float-mobile=\"none\" data-transition=\"slide\">\n<div class=\"nc_tweetContainer swp_share_button total_shares total_sharesalt\"><span class=\"swp_count\">185 <span class=\"swp_label\">Partages<\/span><\/span><\/div>\n<\/div>\n<p>Le Mufti de la R\u00e9publique vient d\u2019annoncer que\u00a0les commissions r\u00e9gionales d\u2019observation de la nouvelle lune de Chawal, ont \u00e9t\u00e9 daans l\u2019impossibilit\u00e9 de l\u2019apercevoir.<\/p>\n<p>En cons\u00e9quence le premier jour de Chawal 1440, correspondant au premier jour de l\u2019A\u00efd Al Fitr co\u00efncidera avec le mercredi 5 juin 2019.<\/p>\n<div class=\"code-block code-block-1 c3\"><ins class=\"adsbygoogle c2\" data-ad-layout=\"in-article\" data-ad-format=\"fluid\" data-ad-client=\"ca-pub-2102118777505746\" data-ad-slot=\"7301775417\"\/> <\/div>\n<p>Demain, mardi, sera, donc, le 30<sup>\u00e8me<\/sup> jour de Ramadan 1440.<\/p>\n<p>La r\u00e9daction de TunisieNumerique souhaite \u00e0 tous ses lecteurs un tr\u00e8s bon A\u00efd, beaucoup de joie et de bonheur.<\/p>\n<div class=\"mvp-org-wrap mvp-org-logo\" itemprop=\"publisher\" itemscope=\"\" itemtype=\"https:\/\/schema.org\/Organization\"><img decoding=\"async\" src=\"https:\/\/www.tunisienumerique.com\/wp-content\/uploads\/2017\/02\/logo_tunisie_numerique.png\"\/><\/div>\n<div class=\"swp_social_panel swp_horizontal_panel swp_flat_fresh swp_default_full_color swp_individual_full_color swp_other_full_color scale-100 scale-\" data-min-width=\"1100\" data-float-color=\"#ffffff\" data-float=\"none\" data-float-mobile=\"none\" data-transition=\"slide\">\n<div class=\"nc_tweetContainer swp_share_button total_shares total_sharesalt\"><span class=\"swp_count\">185 <span class=\"swp_label\">Partages<\/span><\/span><\/div>\n<\/div>\n<div class=\"mvp-related-posts left relative\">\n<h4 class=\"post-header\"><span class=\"post-header\">Lire aussi<\/span><\/h4>\n<\/div>\n<\/div>\n<p>Auteur: LM<br \/>\n<a href=\"https:\/\/www.tunisienumerique.com\/tunisie-derniere-minute-premier-jour-de-laid-al-fitr-apres-demain-le-mercredi-5-juin\/\">Cliquez ici pour lire l&rsquo;article depuis sa source.<\/a><\/p>\n","protected":false},"excerpt":{"rendered":"<p>185 Partages Le Mufti de la R\u00e9publique vient d\u2019annoncer que\u00a0les commissions r\u00e9gionales d\u2019observation de la nouvelle lune de Chawal, ont \u00e9t\u00e9 daans l\u2019impossibilit\u00e9 de l\u2019apercevoir. En cons\u00e9quence le premier jour de Chawal 1440, correspondant au premier jour de l\u2019A\u00efd Al Fitr co\u00efncidera avec le mercredi 5 juin 2019. Demain, mardi, sera, donc, le 30\u00e8me jour [&hellip;]<\/p>\n","protected":false},"author":1789,"featured_media":38593,"comment_status":"closed","ping_status":"closed","sticky":false,"template":"","format":"standard","meta":{"fifu_image_url":"","fifu_image_alt":"","footnotes":""},"categories":[73,55],"tags":[],"class_list":["post-38592","post","type-post","status-publish","format-standard","has-post-thumbnail","hentry","category-actualite","category-tunisie"],"_links":{"self":[{"href":"https:\/\/linitiative.ca\/International\/wp-json\/wp\/v2\/posts\/38592","targetHints":{"allow":["GET"]}}],"collection":[{"href":"https:\/\/linitiative.ca\/International\/wp-json\/wp\/v2\/posts"}],"about":[{"href":"https:\/\/linitiative.ca\/International\/wp-json\/wp\/v2\/types\/post"}],"author":[{"embeddable":true,"href":"https:\/\/linitiative.ca\/International\/wp-json\/wp\/v2\/users\/1789"}],"replies":[{"embeddable":true,"href":"https:\/\/linitiative.ca\/International\/wp-json\/wp\/v2\/comments?post=38592"}],"version-history":[{"count":0,"href":"https:\/\/linitiative.ca\/International\/wp-json\/wp\/v2\/posts\/38592\/revisions"}],"wp:featuredmedia":[{"embeddable":true,"href":"https:\/\/linitiative.ca\/International\/wp-json\/"}],"wp:attachment":[{"href":"https:\/\/linitiative.ca\/International\/wp-json\/wp\/v2\/media?parent=38592"}],"wp:term":[{"taxonomy":"category","embeddable":true,"href":"https:\/\/linitiative.ca\/International\/wp-json\/wp\/v2\/categories?post=38592"},{"taxonomy":"post_tag","embeddable":true,"href":"https:\/\/linitiative.ca\/International\/wp-json\/wp\/v2\/tags?post=38592"}],"curies":[{"name":"wp","href":"https:\/\/api.w.org\/{rel}","templated":true}]}}