{"id":38594,"date":"2019-06-03T17:08:29","date_gmt":"2019-06-03T21:08:29","guid":{"rendered":"https:\/\/linitiative.ca\/International\/ahmad-ahmad-le-president-de-lesperance-ma-menace\/"},"modified":"2019-06-03T17:08:29","modified_gmt":"2019-06-03T21:08:29","slug":"ahmad-ahmad-le-president-de-lesperance-ma-menace","status":"publish","type":"post","link":"https:\/\/linitiative.ca\/International\/ahmad-ahmad-le-president-de-lesperance-ma-menace\/","title":{"rendered":"Ahmad Ahmad : le pr\u00e9sident de l\u2019Esp\u00e9rance m\u2019a menac\u00e9"},"content":{"rendered":"<div class=\"post-cont-in left relative\">\n<div class=\"swp_social_panel swp_horizontal_panel swp_flat_fresh swp_default_full_color swp_individual_full_color swp_other_full_color scale-100 scale-\" data-min-width=\"1100\" data-float-color=\"#ffffff\" data-float=\"none\" data-float-mobile=\"none\" data-transition=\"slide\">\n<div class=\"nc_tweetContainer swp_share_button total_shares total_sharesalt\"><span class=\"swp_count\">1 <span class=\"swp_label\">Partages<\/span><\/span><\/div>\n<\/div>\n<p><span>La r\u00e9union du comit\u00e9 ex\u00e9cutif de la Conf\u00e9d\u00e9ration africaine de football (CAF), pr\u00e9vue mardi 4 juin 2019 au Caire, ne s\u2019annonce pas bien pour l\u2019Esp\u00e9rance de Tunis. D\u00e9claration surprenante du pr\u00e9sident de la CAF Ahmed Ahmad.<\/span><span>\u00a0<\/span><\/p>\n<p><span>Le pr\u00e9sident de la CAF, Ahmad\u00a0<\/span><span>Ahmad<\/span><span>, a indiqu\u00e9 dans une d\u00e9claration \u00e0 la cha\u00eene fran\u00e7aise \u201c<\/span><span>Stad\u2019Afric<\/span><span>\u201d qui va faire couler beaucoup\u00a0<\/span><span>d\u2019encre:<\/span><span>\u00a0\u201cLe pr\u00e9sident de l\u2019Esp\u00e9rance de Tunis m\u2019a menac\u00e9 devant des t\u00e9moins. Des grands pr\u00e9sidents de club en Afrique condamnent les pratiques de ce club, mais nous n\u2019avons pas de preuves\u201d, a-t-il confi\u00e9 avant de\u00a0<\/span><span>s\u2019interroger :<\/span><span>\u00a0\u201cPourquoi la VAR marche partout mais pas \u00e0 Tunis ?\u201d.<\/span><span>\u00a0<\/span><\/p>\n<div class=\"code-block code-block-1 c3\"><ins class=\"adsbygoogle c2\" data-ad-layout=\"in-article\" data-ad-format=\"fluid\" data-ad-client=\"ca-pub-2102118777505746\" data-ad-slot=\"7301775417\"\/> <\/div>\n<p><span>Alors que la finale de la Ligue des Champions CAF a \u00e9t\u00e9 remport\u00e9e par l\u2019Esp\u00e9rance Sportive de Tunis \u00e0 la lumi\u00e8re du refus des joueurs du\u00a0<\/span><span>Wydad<\/span><span>\u00a0de reprendre le jeu se sentant l\u00e9ser par une d\u00e9cision arbitrale.<\/span><span>\u00a0<\/span><\/p>\n<div class=\"mvp-org-wrap mvp-org-logo\" itemprop=\"publisher\" itemscope=\"\" itemtype=\"https:\/\/schema.org\/Organization\"><img decoding=\"async\" src=\"https:\/\/www.tunisienumerique.com\/wp-content\/uploads\/2017\/02\/logo_tunisie_numerique.png\"\/><\/div>\n<div class=\"swp_social_panel swp_horizontal_panel swp_flat_fresh swp_default_full_color swp_individual_full_color swp_other_full_color scale-100 scale-\" data-min-width=\"1100\" data-float-color=\"#ffffff\" data-float=\"none\" data-float-mobile=\"none\" data-transition=\"slide\">\n<div class=\"nc_tweetContainer swp_share_button total_shares total_sharesalt\"><span class=\"swp_count\">1 <span class=\"swp_label\">Partages<\/span><\/span><\/div>\n<\/div>\n<div class=\"mvp-related-posts left relative\">\n<h4 class=\"post-header\"><span class=\"post-header\">Lire aussi<\/span><\/h4>\n<\/div>\n<\/div>\n<p>Auteur:<br \/>\n<a href=\"https:\/\/www.tunisienumerique.com\/ahmad-ahmad-president-de-lesperance-menace\/\">Cliquez ici pour lire l&rsquo;article depuis sa source.<\/a><\/p>\n","protected":false},"excerpt":{"rendered":"<p>1 Partages La r\u00e9union du comit\u00e9 ex\u00e9cutif de la Conf\u00e9d\u00e9ration africaine de football (CAF), pr\u00e9vue mardi 4 juin 2019 au Caire, ne s\u2019annonce pas bien pour l\u2019Esp\u00e9rance de Tunis. D\u00e9claration surprenante du pr\u00e9sident de la CAF Ahmed Ahmad.\u00a0 Le pr\u00e9sident de la CAF, Ahmad\u00a0Ahmad, a indiqu\u00e9 dans une d\u00e9claration \u00e0 la cha\u00eene fran\u00e7aise \u201cStad\u2019Afric\u201d qui [&hellip;]<\/p>\n","protected":false},"author":1789,"featured_media":38595,"comment_status":"closed","ping_status":"closed","sticky":false,"template":"","format":"standard","meta":{"fifu_image_url":"","fifu_image_alt":"","footnotes":""},"categories":[73,55],"tags":[],"class_list":["post-38594","post","type-post","status-publish","format-standard","has-post-thumbnail","hentry","category-actualite","category-tunisie"],"_links":{"self":[{"href":"https:\/\/linitiative.ca\/International\/wp-json\/wp\/v2\/posts\/38594","targetHints":{"allow":["GET"]}}],"collection":[{"href":"https:\/\/linitiative.ca\/International\/wp-json\/wp\/v2\/posts"}],"about":[{"href":"https:\/\/linitiative.ca\/International\/wp-json\/wp\/v2\/types\/post"}],"author":[{"embeddable":true,"href":"https:\/\/linitiative.ca\/International\/wp-json\/wp\/v2\/users\/1789"}],"replies":[{"embeddable":true,"href":"https:\/\/linitiative.ca\/International\/wp-json\/wp\/v2\/comments?post=38594"}],"version-history":[{"count":0,"href":"https:\/\/linitiative.ca\/International\/wp-json\/wp\/v2\/posts\/38594\/revisions"}],"wp:featuredmedia":[{"embeddable":true,"href":"https:\/\/linitiative.ca\/International\/wp-json\/"}],"wp:attachment":[{"href":"https:\/\/linitiative.ca\/International\/wp-json\/wp\/v2\/media?parent=38594"}],"wp:term":[{"taxonomy":"category","embeddable":true,"href":"https:\/\/linitiative.ca\/International\/wp-json\/wp\/v2\/categories?post=38594"},{"taxonomy":"post_tag","embeddable":true,"href":"https:\/\/linitiative.ca\/International\/wp-json\/wp\/v2\/tags?post=38594"}],"curies":[{"name":"wp","href":"https:\/\/api.w.org\/{rel}","templated":true}]}}