{"id":38598,"date":"2019-06-03T16:30:13","date_gmt":"2019-06-03T20:30:13","guid":{"rendered":"https:\/\/linitiative.ca\/International\/examens-scolaires-2019\/"},"modified":"2019-06-03T16:30:13","modified_gmt":"2019-06-03T20:30:13","slug":"examens-scolaires-2019","status":"publish","type":"post","link":"https:\/\/linitiative.ca\/International\/examens-scolaires-2019\/","title":{"rendered":"EXAMENS SCOLAIRES 2019"},"content":{"rendered":"<div class=\"stream-item stream-item-above-post-content\">\n<p><noscript><\/p>\n<p><a href=\"\/\/www3.smartadserver.com\/ac?jump=1&#038;nwid=2136&#038;siteid=240610&#038;pgname=rg&#038;fmtid=49046&#038;visit=m&#038;tmstp=[timestamp]&#038;out=nonrich\" target=\"_blank\" rel=\"noopener noreferrer\"><img decoding=\"async\" src=\"\/\/www3.smartadserver.com\/ac?out=nonrich&#038;nwid=2136&#038;siteid=240610&#038;pgname=rg&#038;fmtid=49046&#038;visit=m&#038;tmstp=[timestamp]\" border=\"0\" alt=\"\"\/><\/a><\/p>\n<p><\/noscript><\/div>\n<p class=\"c3\"><em>Les dates des examens scolaires sont d\u00e9sormais connues. Les \u00e9preuves \u00e9crites du BEPC (Brevet d\u2019\u00e9tudes du premier cycle) sont, en principe, pr\u00e9vues pour commencer le 6 juin. Elles seront suivies des \u00e9preuves du CEP (Certificat d\u2019\u00e9tudes primaires). L\u2019on peut se r\u00e9jouir que la Coordination nationale des syndicats de l\u2019\u00e9ducation (CNSE) ait permis que les examens puissent se tenir en suspendant son mot d\u2019ordre de gr\u00e8ve. Ce faisant, ils ont retir\u00e9 une grosse \u00e9pine du pied des parents d\u2019\u00e9l\u00e8ves et surtout de celui des apprenants. Car, on peut facilement imaginer les cons\u00e9quences d\u2019une ann\u00e9e scolaire sans examens. Toute la Nation en p\u00e2tirait et elle mettrait du temps pour normaliser la situation. Il revient au gouvernement d\u2019appr\u00e9cier \u00e0 sa juste valeur, l\u2019acte de grande responsabilit\u00e9 des syndicats en examinant, de mani\u00e8re concr\u00e8te, les points de leur plateforme qui ont fait l\u2019objet de consensus. Si cela n\u2019est pas fait, les leaders syndicaux risquent de perdre tout cr\u00e9dit aupr\u00e8s de leurs bases. D\u00e9j\u00e0, certaines d\u2019entre elles crient \u00e0 la trahison parce qu\u2019elles estiment \u00e0 tort ou \u00e0 raison, qu\u2019il y a eu un deal entre le gouvernement et la CNSE. Cela dit, les examens scolaires de cette ann\u00e9e se d\u00e9roulent dans un contexte marqu\u00e9 par l\u2019ins\u00e9curit\u00e9 li\u00e9e aux attaques terroristes. Et le syst\u00e8me scolaire en a pay\u00e9 et en paie un lourd tribut\u00a0: enseignants assassin\u00e9s, \u00e9coles incendi\u00e9es, \u00e9l\u00e8ves traumatis\u00e9s, bref, l\u2019\u00e9cole burkinab\u00e8 souffre le martyre. C\u2019est pourquoi tout doit \u00eatre mis en \u0153uvre pour permettre aux examens scolaires de se tenir dans un environnement s\u00e9curis\u00e9. Ce d\u00e9fi, l\u2019Etat se doit de le relever \u00e0 tout prix. Car, les terroristes se frotteraient les mains au cas o\u00f9 l\u2019Etat serait oblig\u00e9 de reporter les examens en raison de leur menace. Et puis, sans des mesures de s\u00e9curit\u00e9 fortes et dissuasives, l\u2019on peut se poser la question de savoir si les diff\u00e9rentes parties impliqu\u00e9es dans l\u2019organisation des examens, pourront jouer chacune sa partition dans la s\u00e9r\u00e9nit\u00e9. D\u00e9j\u00e0, dans certaines localit\u00e9s, l\u2019on peut se demander dans quel \u00e9tat psychologique les apprenants vont composer cette ann\u00e9e, tant ils ont vu de leurs propres yeux les actions d\u00e9vastatrices des terroristes. Que faire pour que ces \u00eatres fragiles et vuln\u00e9rables soient gu\u00e9ris de leur traumatisme\u00a0?<\/em><\/p>\n<p><strong>Si les associations des parents d\u2019\u00e9l\u00e8ves se donnent la main, bien des probl\u00e8mes li\u00e9s \u00e0 la menace terroriste pourront trouver un d\u00e9but de solution<\/strong><\/p>\n<p class=\"c3\"><em>Tout ceci vient poser toute la complexit\u00e9 et la d\u00e9licatesse du probl\u00e8me. Sans militer pour des examens scolaires au rabais pour cause de terrorisme, les p\u00e9dagogues seraient bien inspir\u00e9s d\u2019\u00e9laborer des \u00e9preuves et autres items qui brillent par leur qualit\u00e9 et qui mettent un point d\u2019honneur \u00e0 \u00e9valuer ce qui a effectivement fait l\u2019objet d\u2019apprentissage en classe. Et si l\u2019on s\u2019en tient aux r\u00e9alit\u00e9s des grandes villes comme Ouagadougou et Bobo-Dioulasso, l\u2019on court le risque de laisser sur le bord de la route, l\u2019\u00e9crasante majorit\u00e9 des candidats de notre pays. Et de ce point de vue, l\u2019\u00e9quit\u00e9 tant pr\u00f4n\u00e9e par les autorit\u00e9s, en prendrait un coup. Et pour revenir \u00e0 la s\u00e9curit\u00e9, l\u2019on peut ajouter que celle-ci doit \u00eatre prise en charge par l\u2019ensemble de la communaut\u00e9 nationale. Certes, la part la plus significative revient au gouvernement, mais cela n\u2019emp\u00eache pas que chacun, \u00e0 son niveau, y contribue. Les parents d\u2019\u00e9l\u00e8ves notamment sont interpell\u00e9s. En effet, avant tout, les candidats aux examens scolaires sont leur prog\u00e9niture. Et un parent d\u2019\u00e9l\u00e8ve digne de ce nom ne peut \u00eatre indiff\u00e9rent \u00e0 la s\u00e9curit\u00e9 de son enfant. Et l\u2019on peut \u00eatre s\u00fbr que si les associations des parents d\u2019\u00e9l\u00e8ves se donnent la main, bien des probl\u00e8mes li\u00e9s \u00e0 la menace terroriste pourront trouver un d\u00e9but de solution. Les terroristes, quelle que soit leur d\u00e9termination \u00e0 d\u00e9truire l\u2019\u00e9cole, ne peuvent venir \u00e0 bout d\u2019un peuple conscient et engag\u00e9 \u00e0 d\u00e9fendre l\u2019avenir de ses enfants. Et une soci\u00e9t\u00e9 faillie est celle o\u00f9 les parents ont abdiqu\u00e9 face \u00e0 cette responsabilit\u00e9, pour la confier exclusivement \u00e0 l\u2019Etat.<\/em><\/p>\n<p><strong>Sidzabda<\/strong><\/p>\n<p>Auteur: Le Pays<br \/>\n<a href=\"http:\/\/lepays.bf\/examens-scolaires-2019\/\">Cliquez ici pour lire l&rsquo;article depuis sa source.<\/a><\/p>\n","protected":false},"excerpt":{"rendered":"<p>Les dates des examens scolaires sont d\u00e9sormais connues. Les \u00e9preuves \u00e9crites du BEPC (Brevet d\u2019\u00e9tudes du premier cycle) sont, en principe, pr\u00e9vues pour commencer le 6 juin. Elles seront suivies des \u00e9preuves du CEP (Certificat d\u2019\u00e9tudes primaires). L\u2019on peut se r\u00e9jouir que la Coordination nationale des syndicats de l\u2019\u00e9ducation (CNSE) ait permis que les examens [&hellip;]<\/p>\n","protected":false},"author":1813,"featured_media":0,"comment_status":"closed","ping_status":"closed","sticky":false,"template":"","format":"standard","meta":{"fifu_image_url":"","fifu_image_alt":"","footnotes":""},"categories":[73,81],"tags":[],"class_list":["post-38598","post","type-post","status-publish","format-standard","hentry","category-actualite","category-burkina-faso"],"_links":{"self":[{"href":"https:\/\/linitiative.ca\/International\/wp-json\/wp\/v2\/posts\/38598","targetHints":{"allow":["GET"]}}],"collection":[{"href":"https:\/\/linitiative.ca\/International\/wp-json\/wp\/v2\/posts"}],"about":[{"href":"https:\/\/linitiative.ca\/International\/wp-json\/wp\/v2\/types\/post"}],"author":[{"embeddable":true,"href":"https:\/\/linitiative.ca\/International\/wp-json\/wp\/v2\/users\/1813"}],"replies":[{"embeddable":true,"href":"https:\/\/linitiative.ca\/International\/wp-json\/wp\/v2\/comments?post=38598"}],"version-history":[{"count":0,"href":"https:\/\/linitiative.ca\/International\/wp-json\/wp\/v2\/posts\/38598\/revisions"}],"wp:attachment":[{"href":"https:\/\/linitiative.ca\/International\/wp-json\/wp\/v2\/media?parent=38598"}],"wp:term":[{"taxonomy":"category","embeddable":true,"href":"https:\/\/linitiative.ca\/International\/wp-json\/wp\/v2\/categories?post=38598"},{"taxonomy":"post_tag","embeddable":true,"href":"https:\/\/linitiative.ca\/International\/wp-json\/wp\/v2\/tags?post=38598"}],"curies":[{"name":"wp","href":"https:\/\/api.w.org\/{rel}","templated":true}]}}