{"id":38599,"date":"2019-06-03T16:32:57","date_gmt":"2019-06-03T20:32:57","guid":{"rendered":"https:\/\/linitiative.ca\/International\/loncle-au-neveu\/"},"modified":"2019-06-03T16:32:57","modified_gmt":"2019-06-03T20:32:57","slug":"loncle-au-neveu","status":"publish","type":"post","link":"https:\/\/linitiative.ca\/International\/loncle-au-neveu\/","title":{"rendered":"L\u2019ONCLE AU NEVEU"},"content":{"rendered":"<div class=\"stream-item stream-item-above-post-content\">\n<p><noscript><\/p>\n<p><a href=\"\/\/www3.smartadserver.com\/ac?jump=1&#038;nwid=2136&#038;siteid=240610&#038;pgname=rg&#038;fmtid=49046&#038;visit=m&#038;tmstp=[timestamp]&#038;out=nonrich\" target=\"_blank\" rel=\"noopener noreferrer\"><img decoding=\"async\" src=\"\/\/www3.smartadserver.com\/ac?out=nonrich&#038;nwid=2136&#038;siteid=240610&#038;pgname=rg&#038;fmtid=49046&#038;visit=m&#038;tmstp=[timestamp]\" border=\"0\" alt=\"\"\/><\/a><\/p>\n<p><\/noscript><\/div>\n<p class=\"c3\"><strong><em>Cher neveu,<\/em><\/strong><\/p>\n<p class=\"c3\"><em>Je te souhaite une agr\u00e9able semaine.<\/em><br \/><em>J\u2019esp\u00e8re que vous allez tous bien. Chez nous, rien \u00e0 signaler. Ta tante me charge de te transmettre ses salutations les plus chaleureuses et te dit merci \u00e0 l\u2019avance pour le cadeau que tu lui as promis la semaine derni\u00e8re. Merci infiniment fiston et sois b\u00e9ni. Chez nous, l\u2019actualit\u00e9 est marqu\u00e9e par la pol\u00e9mique autour de la sant\u00e9 du g\u00e9n\u00e9ral Djibrill Bassol\u00e9, accus\u00e9 dans le cadre du putsch manqu\u00e9 de septembre 2015. Si tu te souviens bien, je t\u2019avais dit, en son temps, qu\u2019il avait \u00e9t\u00e9 \u00e9vacu\u00e9 en Tunisie pour b\u00e9n\u00e9ficier de soins appropri\u00e9s. Apr\u00e8s deux mois, il est rentr\u00e9 au pays \u00e0 la demande, dit-on, des autorit\u00e9s, pour poursuivre son traitement, cette fois-ci, en Turquie. Mais depuis lors, il attend cette \u00e9vacuation qui peine \u00e0 voir le jour. Cette situation a amen\u00e9 des personnalit\u00e9s politiques et des responsables d\u2019Organisations de la soci\u00e9t\u00e9 civile \u00e0 donner de la voix pour exiger du gouvernement, l\u2019\u00e9vacuation, dans les plus brefs d\u00e9lais, de l\u2019ex-ministre des Affaires \u00e9trang\u00e8res dont l\u2019\u00e9tat de sant\u00e9 s\u2019est \u00ab\u00a0d\u00e9grad\u00e9\u00a0\u00bb. En tout cas, ils sont nombreux ceux qui ne cessent d\u2019interpeller les autorit\u00e9s. Dans une lettre, les avocats de Bassol\u00e9 ont m\u00eame plaid\u00e9 aupr\u00e8s du pr\u00e9sident fran\u00e7ais, Emmanuel Macron, pour qu\u2019il s\u2019implique dans l\u2019\u00e9vacuation en France, de leur client. Mais c\u2019est le statu quo pour l\u2019instant. Tous ces appels seront-ils entendus\u00a0? Il faut esp\u00e9rer que ce soit le cas, dans la mesure o\u00f9 l\u2019on indique que son \u00e9tat de sant\u00e9 s\u2019est d\u00e9grad\u00e9. Tous nos v\u0153ux de prompt r\u00e9tablissement l\u2019accompagnent et que Le Tout-Puissant lui accorde la gu\u00e9rison totale. Pendant que le g\u00e9n\u00e9ral, lui, prie pour retrouver la gu\u00e9rison, \u00e0 l\u2019Organisation d\u00e9mocratique de la jeunesse (ODJ), l\u2019heure est \u00e0 la d\u00e9solation et aux interrogations. La raison\u00a0? L\u2019Organisation est en deuil, depuis le 31 mai dernier. En effet, les corps de deux de ses militants dans le Yagha, ont \u00e9t\u00e9 retrouv\u00e9s cribl\u00e9s de balles alors qu\u2019ils se rendaient \u00e0 Sebba, \u00e0 une convocation du haut-commissaire de la province. L\u2019on ignore les auteurs et les motifs de cet assassinat. Toutefois, dans un communiqu\u00e9, le pr\u00e9sident de ladite organisation, Gabin Korb\u00e9ogo, a assur\u00e9 que tous les \u00e9l\u00e9ments \u00e9taient en train d\u2019\u00eatre r\u00e9unis pour \u00e9clairer l\u2019opinion.<\/em><\/p>\n<p class=\"c3\"><strong><em>D\u00e9but des \u00e9preuves du BEPC, ce 6 juin<\/em><\/strong><\/p>\n<p class=\"c3\"><em>En attendant, c\u2019est le recueillement au sein de cette structure qui proc\u00e8dera \u00e0 l\u2019inhumation des siens, dans les prochains jours. C\u2019est vraiment triste. Beaucoup de courage \u00e0 leurs familles biologiques respectives et \u00e0 leur organisation. Qu\u2019Allah les accueille dans son royaume.<\/em><br \/><em>Cher neveu, c\u2019est aujourd\u2019hui, 6 juin, que d\u00e9marrent les \u00e9preuves \u00e9crites du BEPC. Ils sont plusieurs centaines de milliers de candidats qui vont \u00e0 l\u2019assaut du dipl\u00f4me de fin du premier cycle. C\u2019est un examen qui intervient dans un contexte o\u00f9 plus de 1 900 \u00e9coles sont ferm\u00e9es sur le territoire national, du fait de la crise s\u00e9curitaire. Nos pens\u00e9es vont \u00e0 l\u2019endroit de tous ces \u00e9l\u00e8ves qui ne pourront pas composer \u00e0 cause de cette situation et nous souhaitons bonne chance \u00e0 tous les candidats actuellement en pleine composition.\u00a0<\/em> <em>Cher neveu, la pol\u00e9mique autour du d\u00e9classement de la for\u00eat de Kua, n\u2019est pas pr\u00eate de s\u2019arr\u00eater. Chaque jour que Dieu fait, des pro et anti d\u00e9classement donnent de la voix, \u00e0 travers marches et contremarches, conf\u00e9rences de presse, d\u00e9clarations, etc. Dans un communiqu\u00e9, le maire de la commune de Bobo-Dioulasso a interdit toute manifestation publique ayant trait \u00e0 cette d\u00e9sormais affaire. Toute chose qui a provoqu\u00e9 la col\u00e8re du Mouvement pour la protection de la for\u00eat de Kua (MPFK), initi\u00e9 par le d\u00e9put\u00e9 Moussa Zerbo qui entend attaquer cette d\u00e9cision en justice. A quand donc la fin de cette pol\u00e9mique ? Bien malin qui saurait r\u00e9pondre.<\/em><br \/><em>Je m\u2019arr\u00eate l\u00e0 pour aujourd\u2019hui, tout en esp\u00e9rant te lire la semaine prochaine. Portez-vous bien et que Le Tout-Puissant nous prot\u00e8ge et veille sur nous\u00a0! A bient\u00f4t\u00a0!<\/em><\/p>\n<p class=\"c3\"><strong><em>Ton oncle<\/em><\/strong><\/p>\n<p>Auteur: Le Pays<br \/>\n<a href=\"http:\/\/lepays.bf\/loncle-au-neveu-4\/\">Cliquez ici pour lire l&rsquo;article depuis sa source.<\/a><\/p>\n","protected":false},"excerpt":{"rendered":"<p>Cher neveu, Je te souhaite une agr\u00e9able semaine.J\u2019esp\u00e8re que vous allez tous bien. Chez nous, rien \u00e0 signaler. Ta tante me charge de te transmettre ses salutations les plus chaleureuses et te dit merci \u00e0 l\u2019avance pour le cadeau que tu lui as promis la semaine derni\u00e8re. Merci infiniment fiston et sois b\u00e9ni. Chez nous, [&hellip;]<\/p>\n","protected":false},"author":1813,"featured_media":0,"comment_status":"closed","ping_status":"closed","sticky":false,"template":"","format":"standard","meta":{"fifu_image_url":"","fifu_image_alt":"","footnotes":""},"categories":[73,81],"tags":[],"class_list":["post-38599","post","type-post","status-publish","format-standard","hentry","category-actualite","category-burkina-faso"],"_links":{"self":[{"href":"https:\/\/linitiative.ca\/International\/wp-json\/wp\/v2\/posts\/38599","targetHints":{"allow":["GET"]}}],"collection":[{"href":"https:\/\/linitiative.ca\/International\/wp-json\/wp\/v2\/posts"}],"about":[{"href":"https:\/\/linitiative.ca\/International\/wp-json\/wp\/v2\/types\/post"}],"author":[{"embeddable":true,"href":"https:\/\/linitiative.ca\/International\/wp-json\/wp\/v2\/users\/1813"}],"replies":[{"embeddable":true,"href":"https:\/\/linitiative.ca\/International\/wp-json\/wp\/v2\/comments?post=38599"}],"version-history":[{"count":0,"href":"https:\/\/linitiative.ca\/International\/wp-json\/wp\/v2\/posts\/38599\/revisions"}],"wp:attachment":[{"href":"https:\/\/linitiative.ca\/International\/wp-json\/wp\/v2\/media?parent=38599"}],"wp:term":[{"taxonomy":"category","embeddable":true,"href":"https:\/\/linitiative.ca\/International\/wp-json\/wp\/v2\/categories?post=38599"},{"taxonomy":"post_tag","embeddable":true,"href":"https:\/\/linitiative.ca\/International\/wp-json\/wp\/v2\/tags?post=38599"}],"curies":[{"name":"wp","href":"https:\/\/api.w.org\/{rel}","templated":true}]}}