{"id":38600,"date":"2019-06-03T16:18:03","date_gmt":"2019-06-03T20:18:03","guid":{"rendered":"https:\/\/linitiative.ca\/International\/la-fete-de-fin-du-ramadan-celebree-mardi-en-cote-divoire\/"},"modified":"2019-06-03T16:18:03","modified_gmt":"2019-06-03T20:18:03","slug":"la-fete-de-fin-du-ramadan-celebree-mardi-en-cote-divoire","status":"publish","type":"post","link":"https:\/\/linitiative.ca\/International\/la-fete-de-fin-du-ramadan-celebree-mardi-en-cote-divoire\/","title":{"rendered":"La f\u00eate de fin du Ramadan c\u00e9l\u00e9br\u00e9e mardi en C\u00f4te d\u2019Ivoire"},"content":{"rendered":"<div readability=\"32\">\n<p>Publi\u00e9 le 03.06.2019 \u00e0 21h18 par APA News<\/p>\n<\/div>\n<div readability=\"58\">\n<p>La communaut\u00e9 musulmane de C\u00f4te d\u2019Ivoire c\u00e9l\u00e8brera mardi la f\u00eate de l\u2019A\u00efd El-Fitr ou f\u00eate de ramadan marquant la fin du mois de je\u00fbne, ont annonc\u00e9 lundi soir, le Conseil sup\u00e9rieur des imams (COSIM) et le Conseil des imams sunnites (CODIS) dans un communiqu\u00e9 conjoint.Selon ce communiqu\u00e9 lu par \u00a0l\u2019Imam S\u00e9kou Sylla au nom des deux structures, le croissant lunaire marquant la fin de Ramadan 2019 a \u00e9t\u00e9 observ\u00e9 \u00ab ce soir \u00bb dans deux localit\u00e9s du pays.<\/p>\n<p>D\u2019abord \u00e0 Abobo, commune situ\u00e9e dans le Nord d\u2019Abidjan \u00a0et ensuite \u00e0 Bondoukou, ville situ\u00e9e dans le Nord-Est de la C\u00f4te d\u2019Ivoire par un grand nombre de fid\u00e8les. Par cons\u00e9quent, a-t-il ajout\u00e9 \u00ab la f\u00eate de Ramadan en C\u00f4te d\u2019Ivoire sera c\u00e9l\u00e9br\u00e9e le mardi 04 juin 2019 \u00bb.<\/p>\n<p>\u00a0Cette f\u00eate marque la fin du mois de je\u00fbne du ramadan qui a d\u00e9but\u00e9 en C\u00f4te d\u2019Ivoire depuis le 06 mai dernier a dur\u00e9 \u00a029 jours. Dans la tradition musulmane, elle \u00a0sera essentiellement marqu\u00e9e par la pri\u00e8re de l\u2019A\u00efd, mais sera \u00a0\u00e9galement l\u2019occasion pour les fid\u00e8les musulmans de faire preuve de g\u00e9n\u00e9rosit\u00e9 envers les n\u00e9cessiteux \u00e0 travers la \u00ab Zakat Al Fitr\u00bb qui est une aum\u00f4ne vers\u00e9e \u00e0 cette occasion.<\/p>\n<p>Cette aum\u00f4ne peut \u00eatre p\u00e9cuniaire ou compos\u00e9e d\u2019aliments selon les textes islamiques. La nuit du Destin ou nuit du Qadr, l\u2019un des temps forts de ce mois de je\u00fbne du ramadan au cours de laquelle le Saint Coran \u00a0a \u00e9t\u00e9 r\u00e9v\u00e9l\u00e9 au proph\u00e8te Muhammad (Paix et salut d\u2019Allah sur lui) a \u00e9t\u00e9 \u00a0c\u00e9l\u00e9br\u00e9e officiellement dans la nuit de vendredi \u00e0 samedi \u00a0en C\u00f4te d\u2019Ivoire.<\/p>\n<\/div>\n<p>Auteur: APA News<br \/>\n<a href=\"https:\/\/www.journalducameroun.com\/la-fete-de-fin-du-ramadan-celebree-mardi-en-cote-divoire\/\">Cliquez ici pour lire l&rsquo;article depuis sa source.<\/a><\/p>\n","protected":false},"excerpt":{"rendered":"<p>Publi\u00e9 le 03.06.2019 \u00e0 21h18 par APA News La communaut\u00e9 musulmane de C\u00f4te d\u2019Ivoire c\u00e9l\u00e8brera mardi la f\u00eate de l\u2019A\u00efd El-Fitr ou f\u00eate de ramadan marquant la fin du mois de je\u00fbne, ont annonc\u00e9 lundi soir, le Conseil sup\u00e9rieur des imams (COSIM) et le Conseil des imams sunnites (CODIS) dans un communiqu\u00e9 conjoint.Selon ce communiqu\u00e9 [&hellip;]<\/p>\n","protected":false},"author":1965,"featured_media":0,"comment_status":"closed","ping_status":"closed","sticky":false,"template":"","format":"standard","meta":{"fifu_image_url":"","fifu_image_alt":"","footnotes":""},"categories":[73,82],"tags":[],"class_list":["post-38600","post","type-post","status-publish","format-standard","hentry","category-actualite","category-cameroun"],"_links":{"self":[{"href":"https:\/\/linitiative.ca\/International\/wp-json\/wp\/v2\/posts\/38600","targetHints":{"allow":["GET"]}}],"collection":[{"href":"https:\/\/linitiative.ca\/International\/wp-json\/wp\/v2\/posts"}],"about":[{"href":"https:\/\/linitiative.ca\/International\/wp-json\/wp\/v2\/types\/post"}],"author":[{"embeddable":true,"href":"https:\/\/linitiative.ca\/International\/wp-json\/wp\/v2\/users\/1965"}],"replies":[{"embeddable":true,"href":"https:\/\/linitiative.ca\/International\/wp-json\/wp\/v2\/comments?post=38600"}],"version-history":[{"count":0,"href":"https:\/\/linitiative.ca\/International\/wp-json\/wp\/v2\/posts\/38600\/revisions"}],"wp:attachment":[{"href":"https:\/\/linitiative.ca\/International\/wp-json\/wp\/v2\/media?parent=38600"}],"wp:term":[{"taxonomy":"category","embeddable":true,"href":"https:\/\/linitiative.ca\/International\/wp-json\/wp\/v2\/categories?post=38600"},{"taxonomy":"post_tag","embeddable":true,"href":"https:\/\/linitiative.ca\/International\/wp-json\/wp\/v2\/tags?post=38600"}],"curies":[{"name":"wp","href":"https:\/\/api.w.org\/{rel}","templated":true}]}}