{"id":38609,"date":"2019-06-03T17:18:02","date_gmt":"2019-06-03T21:18:02","guid":{"rendered":"https:\/\/linitiative.ca\/International\/tchad-adoption-de-la-loi-sur-la-couverture-sante-universelle\/"},"modified":"2019-06-03T17:18:02","modified_gmt":"2019-06-03T21:18:02","slug":"tchad-adoption-de-la-loi-sur-la-couverture-sante-universelle","status":"publish","type":"post","link":"https:\/\/linitiative.ca\/International\/tchad-adoption-de-la-loi-sur-la-couverture-sante-universelle\/","title":{"rendered":"Tchad : Adoption de la loi sur la couverture sant\u00e9 universelle"},"content":{"rendered":"<div readability=\"32\">\n<p>Publi\u00e9 le 03.06.2019 \u00e0 22h18 par APA News<\/p>\n<\/div>\n<div readability=\"66\">\n<p>Les d\u00e9put\u00e9s tchadiens, r\u00e9unis en s\u00e9ance pl\u00e9ni\u00e8re au palais de la d\u00e9mocratie de Gassi \u00e0 N\u2019Djam\u00e9na, ont adopt\u00e9 \u00e0 l\u2019\u00e9crasante majorit\u00e9, ce lundi 3 juin 2019, par 149 voix contre 0 abstention, la loi relative \u00e0 la couverture sant\u00e9 universelle au Tchad.Durant toute la journ\u00e9e, le ministre de la Sant\u00e9 publique, Aziz Mahamat Saleh a d\u00e9fendu le projet de loi portant couverture sant\u00e9 universelle au Tchad.<\/p>\n<p>Pour permettre aux \u00e9lus du peuple de comprendre le concept, le ministre Aziz a expliqu\u00e9 que, l\u2019instauration de la Couverture Sant\u00e9 Universelle (CSU) au Tchad am\u00e9liorera les conditions de vie des populations en facilitant l\u2019acc\u00e8s \u00e0 tous \u00e0 un minimum de soins de sant\u00e9 de qualit\u00e9.<\/p>\n<p>\u00a0\u00abElle vise l\u2019acc\u00e8s de toutes les populations \u00e0 un paquet de soins de base. Elle contribue \u00e0 la diminution de la part de paiement direct dans le financement de sant\u00e9, prot\u00e8ge aussi la population contre le risque de basculer dans la pauvret\u00e9 et enfin favorise la meilleure orientation de l\u2019effort fiscal vers les personnes pauvres, tout en permettant \u00e0 ceux qui ont une capacit\u00e9 financi\u00e8re de contribuer au financement de sant\u00e9 universelle \u00bb, a-t-il d\u00e9taill\u00e9.<\/p>\n<p>\u00a0Plusieurs d\u00e9put\u00e9s ont pos\u00e9 des questions au ministre de la Sant\u00e9 sur la faisabilit\u00e9 d\u2019une couverture sant\u00e9 universelle et sur les difficult\u00e9s que rencontrent les services de sant\u00e9 au Tchad.<\/p>\n<p>\u00a0M. Aziz les a rassur\u00e9s que, la couverture sant\u00e9 universelle permet \u00e0 tout un chacun d\u2019avoir acc\u00e8s aux services s\u2019occupant des causes les plus importantes de morbidit\u00e9 et de mortalit\u00e9 et elle garantit que la qualit\u00e9 de ces services soit suffisamment bonne pour am\u00e9liorer la sant\u00e9 des personnes qui en b\u00e9n\u00e9ficient.<\/p>\n<\/div>\n<p>Auteur: APA News<br \/>\n<a href=\"https:\/\/www.journalducameroun.com\/tchad-adoption-de-la-loi-sur-la-couverture-sante-universelle\/\">Cliquez ici pour lire l&rsquo;article depuis sa source.<\/a><\/p>\n","protected":false},"excerpt":{"rendered":"<p>Publi\u00e9 le 03.06.2019 \u00e0 22h18 par APA News Les d\u00e9put\u00e9s tchadiens, r\u00e9unis en s\u00e9ance pl\u00e9ni\u00e8re au palais de la d\u00e9mocratie de Gassi \u00e0 N\u2019Djam\u00e9na, ont adopt\u00e9 \u00e0 l\u2019\u00e9crasante majorit\u00e9, ce lundi 3 juin 2019, par 149 voix contre 0 abstention, la loi relative \u00e0 la couverture sant\u00e9 universelle au Tchad.Durant toute la journ\u00e9e, le ministre [&hellip;]<\/p>\n","protected":false},"author":1965,"featured_media":0,"comment_status":"closed","ping_status":"closed","sticky":false,"template":"","format":"standard","meta":{"fifu_image_url":"","fifu_image_alt":"","footnotes":""},"categories":[73,82],"tags":[],"class_list":["post-38609","post","type-post","status-publish","format-standard","hentry","category-actualite","category-cameroun"],"_links":{"self":[{"href":"https:\/\/linitiative.ca\/International\/wp-json\/wp\/v2\/posts\/38609","targetHints":{"allow":["GET"]}}],"collection":[{"href":"https:\/\/linitiative.ca\/International\/wp-json\/wp\/v2\/posts"}],"about":[{"href":"https:\/\/linitiative.ca\/International\/wp-json\/wp\/v2\/types\/post"}],"author":[{"embeddable":true,"href":"https:\/\/linitiative.ca\/International\/wp-json\/wp\/v2\/users\/1965"}],"replies":[{"embeddable":true,"href":"https:\/\/linitiative.ca\/International\/wp-json\/wp\/v2\/comments?post=38609"}],"version-history":[{"count":0,"href":"https:\/\/linitiative.ca\/International\/wp-json\/wp\/v2\/posts\/38609\/revisions"}],"wp:attachment":[{"href":"https:\/\/linitiative.ca\/International\/wp-json\/wp\/v2\/media?parent=38609"}],"wp:term":[{"taxonomy":"category","embeddable":true,"href":"https:\/\/linitiative.ca\/International\/wp-json\/wp\/v2\/categories?post=38609"},{"taxonomy":"post_tag","embeddable":true,"href":"https:\/\/linitiative.ca\/International\/wp-json\/wp\/v2\/tags?post=38609"}],"curies":[{"name":"wp","href":"https:\/\/api.w.org\/{rel}","templated":true}]}}