{"id":38631,"date":"2019-06-03T12:44:22","date_gmt":"2019-06-03T16:44:22","guid":{"rendered":"https:\/\/linitiative.ca\/International\/cafe-robusta-vers-une-chute-des-recettes\/"},"modified":"2019-06-03T12:44:22","modified_gmt":"2019-06-03T16:44:22","slug":"cafe-robusta-vers-une-chute-des-recettes","status":"publish","type":"post","link":"https:\/\/linitiative.ca\/International\/cafe-robusta-vers-une-chute-des-recettes\/","title":{"rendered":"Caf\u00e9 Robusta : vers une chute des recettes"},"content":{"rendered":"<p>\u00ab <em>Rien que les caf\u00e9s de grande qualit\u00e9 sont achet\u00e9s. Les raisons sont objectives, mais difficiles \u00e0 int\u00e9grer<\/em>\u00a0\u00bb. Tels sont les propos du ministre du Commerce, <strong>Luc Magloire Mbarga Atangana<\/strong>, au cours d\u2019une r\u00e9union organis\u00e9e le 31 mai dernier au sein de son d\u00e9partement minist\u00e9riel. En effet, des inqui\u00e9tudes planent sur l\u2019avenir du caf\u00e9 camerounais et surtout celui du caf\u00e9 robusta. C\u2019est que la production de ce caf\u00e9 se fait dans des mauvaises conditions et la commercialisation n\u2019est plus optimale.<\/p>\n<p>Par manque de formation aux bonnes pratiques agricoles de la part de nombreux producteurs, la qualit\u00e9 du caf\u00e9 robusta est d\u00e9grad\u00e9e et ne convainc pas suffisamment les acheteurs\u00a0; \u00ab\u00a0<em>L\u2019on a m\u00eame constat\u00e9 que certains producteurs v\u00e9reux ajoutent de petits cailloux dans les sacs de caf\u00e9 afin de grossir les stocks destin\u00e9s \u00e0 la commercialisation \u00e0 l\u2019international\u00a0\u00bb<\/em>, apprend-on au cours des \u00e9changes.<\/p>\n<p>M\u00eame si les statistiques de l\u2019institut national de la statistique (<strong>INS<\/strong>) d\u00e9montrent que les recettes d\u2019exportations du caf\u00e9 se portent mal en ce qui concerne le caf\u00e9 arabica particuli\u00e8rement, il y a de quoi s\u2019inqui\u00e9ter sur celles du caf\u00e9 Robusta, tr\u00e8s pris\u00e9 \u00e0 l\u2019international, qui n\u2019affichent pas non plus des performances positives attendues. Selon le ministre du Commerce Luc Magloire Mbarga Atangana, l\u2019on a enregistr\u00e9 une baisse de la production de ce caf\u00e9 au cours de la derni\u00e8re campagne.<\/p>\n<p>Dans le m\u00eame sens, une augmentation des stocks (coupl\u00e9e \u00e0 la baisse de la transformation locale) a \u00e9t\u00e9 observ\u00e9e\u00a0: <em>\u00ab Depuis la derni\u00e8re campagne, les producteurs se plaignent de l\u2019absence des acheteurs. Les achats ne se font que dans le littoral et dans l\u2019Ouest\u00a0\u00bb<\/em>, a d\u00e9plor\u00e9 <strong>Mich\u00e8le Akamba Ava<\/strong>, directeur des Op\u00e9rations \u00e0 l\u2019Office national de Cacao et de Caf\u00e9 (<strong>ONCC<\/strong>) au cours de la r\u00e9union.<\/p>\n<p>Une situation \u00ab triste\u00a0\u00bb qui pourrait encore faire plonger la production de cette denr\u00e9e et par ricochet, ses recettes. Rappelons qu\u2019au dernier trimestre 2018, le volume de production du caf\u00e9 a globalement chut\u00e9 de 30,1% selon les donn\u00e9es de l\u2019Ins. Par ailleurs, la production caf\u00e9i\u00e8re ne fait que d\u00e9cro\u00eetre au fil des ans, tournant d\u00e9sormais autour de <strong>22\u00a0000 \u00e0 25\u00a0000 tonnes<\/strong> actuellement, contre <strong>130\u00a0000 tonnes<\/strong> dans les ann\u00e9es 90.<\/p>\n<div class=\"about-author about-author-box container-wrapper\">\n<div class=\"author-avatar\">\n<p><img decoding=\"async\" src=\"http:\/\/\" alt=\"\"\/><\/p>\n<\/div>\n<p><h4>La R\u00e9daction EcoMatin<\/h4>\n<\/p>\n<\/div>\n<div class=\"awac-wrapper awac widget blog_subscription-2\">\n<h4 class=\"widget-title\">Abonnez-vous \u00e0 notre lettre d&rsquo;information<\/h4>\n<\/div>\n<p>Auteur: EcoMatin<br \/>\n<a href=\"https:\/\/ecomatin.net\/cafe-robusta-vers-une-chute-des-recettes\/\">Cliquez ici pour lire l&rsquo;article depuis sa source.<\/a><\/p>\n","protected":false},"excerpt":{"rendered":"<p>\u00ab Rien que les caf\u00e9s de grande qualit\u00e9 sont achet\u00e9s. Les raisons sont objectives, mais difficiles \u00e0 int\u00e9grer\u00a0\u00bb. Tels sont les propos du ministre du Commerce, Luc Magloire Mbarga Atangana, au cours d\u2019une r\u00e9union organis\u00e9e le 31 mai dernier au sein de son d\u00e9partement minist\u00e9riel. En effet, des inqui\u00e9tudes planent sur l\u2019avenir du caf\u00e9 camerounais [&hellip;]<\/p>\n","protected":false},"author":1969,"featured_media":0,"comment_status":"closed","ping_status":"closed","sticky":false,"template":"","format":"standard","meta":{"fifu_image_url":"","fifu_image_alt":"","footnotes":""},"categories":[82,78],"tags":[],"class_list":["post-38631","post","type-post","status-publish","format-standard","hentry","category-cameroun","category-economie"],"_links":{"self":[{"href":"https:\/\/linitiative.ca\/International\/wp-json\/wp\/v2\/posts\/38631","targetHints":{"allow":["GET"]}}],"collection":[{"href":"https:\/\/linitiative.ca\/International\/wp-json\/wp\/v2\/posts"}],"about":[{"href":"https:\/\/linitiative.ca\/International\/wp-json\/wp\/v2\/types\/post"}],"author":[{"embeddable":true,"href":"https:\/\/linitiative.ca\/International\/wp-json\/wp\/v2\/users\/1969"}],"replies":[{"embeddable":true,"href":"https:\/\/linitiative.ca\/International\/wp-json\/wp\/v2\/comments?post=38631"}],"version-history":[{"count":0,"href":"https:\/\/linitiative.ca\/International\/wp-json\/wp\/v2\/posts\/38631\/revisions"}],"wp:attachment":[{"href":"https:\/\/linitiative.ca\/International\/wp-json\/wp\/v2\/media?parent=38631"}],"wp:term":[{"taxonomy":"category","embeddable":true,"href":"https:\/\/linitiative.ca\/International\/wp-json\/wp\/v2\/categories?post=38631"},{"taxonomy":"post_tag","embeddable":true,"href":"https:\/\/linitiative.ca\/International\/wp-json\/wp\/v2\/tags?post=38631"}],"curies":[{"name":"wp","href":"https:\/\/api.w.org\/{rel}","templated":true}]}}