{"id":38632,"date":"2019-06-04T08:57:53","date_gmt":"2019-06-04T12:57:53","guid":{"rendered":"https:\/\/linitiative.ca\/International\/la-cmr-digitalise-les-pensions\/"},"modified":"2019-06-04T08:57:53","modified_gmt":"2019-06-04T12:57:53","slug":"la-cmr-digitalise-les-pensions","status":"publish","type":"post","link":"https:\/\/linitiative.ca\/International\/la-cmr-digitalise-les-pensions\/","title":{"rendered":"La CMR digitalise les pensions"},"content":{"rendered":"<header>\n<\/header>\n<div class=\"entry-content clearfix\" readability=\"42\"><img decoding=\"async\" class=\"post_layout_5_img\" src=\"http:\/\/aujourdhui.ma\/wp-content\/uploads\/2016\/03\/CMR.jpg?x29840\" alt=\"La CMR digitalise les pensions\"\/><\/p>\n<p class=\"p1\"><span class=\"s1\"><span class=\"c4\"><strong>Le chef de gouvernement a publi\u00e9 le 21 mai 2019 une circulaire sous le num\u00e9ro 7\/2019 aux diff\u00e9rents d\u00e9partements minist\u00e9riels sur l\u2019adoption de la gestion \u00e9lectronique des dossiers des retrait\u00e9s affili\u00e9s \u00e0 la Caisse marocaine des retraites (CMR).<\/strong><\/span><\/span><span id=\"more-312470\"\/><\/p>\n<p class=\"p1\"><span class=\"s1\">Cette circulaire contient un ensemble de mesures qui visent la simplification des proc\u00e9dures administratives et l\u2019am\u00e9lioration des services en faveur des affili\u00e9s de la CMR. Il s\u2019agit de mettre en place des proc\u00e9dures plus souples et fluides dans la gestion des dossiers de pensions gr\u00e2ce \u00e0 l\u2019utilisation des technologies de l\u2019information et de la digitalisation. Pour op\u00e9rationnaliser ces proc\u00e9dures, la CMR met \u00e0 la disposition des administrations publiques, des collectivit\u00e9s territoriales et les \u00e9tablissements publics une base de donn\u00e9es d\u00e9di\u00e9e \u00e0 ses affili\u00e9s et une interface de gestion d\u00e9mat\u00e9rialis\u00e9e des dossiers de pensions servies. Cela dit, les donn\u00e9es des affili\u00e9s sont prot\u00e9g\u00e9es par les conventions que la CMR a sign\u00e9es avec les diff\u00e9rentes institutions. Cette circulaire a \u00e9t\u00e9 \u00e9labor\u00e9e en coordination avec les services du minist\u00e8re charg\u00e9 de la r\u00e9forme de l\u2019administration et de la fonction publique. Ainsi les proc\u00e9dures d\u00e9crites dans la circulaire entreront en vigueur le 1er novembre 2019.<\/span><\/p>\n<\/div>\n<p>Auteur: ALM<br \/>\n<a href=\"http:\/\/aujourdhui.ma\/societe\/la-cmr-digitalise-les-pensions\">Cliquez ici pour lire l&rsquo;article depuis sa source.<\/a><\/p>\n","protected":false},"excerpt":{"rendered":"<p>Le chef de gouvernement a publi\u00e9 le 21 mai 2019 une circulaire sous le num\u00e9ro 7\/2019 aux diff\u00e9rents d\u00e9partements minist\u00e9riels sur l\u2019adoption de la gestion \u00e9lectronique des dossiers des retrait\u00e9s affili\u00e9s \u00e0 la Caisse marocaine des retraites (CMR). Cette circulaire contient un ensemble de mesures qui visent la simplification des proc\u00e9dures administratives et l\u2019am\u00e9lioration des [&hellip;]<\/p>\n","protected":false},"author":1759,"featured_media":0,"comment_status":"closed","ping_status":"closed","sticky":false,"template":"","format":"standard","meta":{"fifu_image_url":"","fifu_image_alt":"","footnotes":""},"categories":[73,54],"tags":[],"class_list":["post-38632","post","type-post","status-publish","format-standard","hentry","category-actualite","category-maroc"],"_links":{"self":[{"href":"https:\/\/linitiative.ca\/International\/wp-json\/wp\/v2\/posts\/38632","targetHints":{"allow":["GET"]}}],"collection":[{"href":"https:\/\/linitiative.ca\/International\/wp-json\/wp\/v2\/posts"}],"about":[{"href":"https:\/\/linitiative.ca\/International\/wp-json\/wp\/v2\/types\/post"}],"author":[{"embeddable":true,"href":"https:\/\/linitiative.ca\/International\/wp-json\/wp\/v2\/users\/1759"}],"replies":[{"embeddable":true,"href":"https:\/\/linitiative.ca\/International\/wp-json\/wp\/v2\/comments?post=38632"}],"version-history":[{"count":0,"href":"https:\/\/linitiative.ca\/International\/wp-json\/wp\/v2\/posts\/38632\/revisions"}],"wp:attachment":[{"href":"https:\/\/linitiative.ca\/International\/wp-json\/wp\/v2\/media?parent=38632"}],"wp:term":[{"taxonomy":"category","embeddable":true,"href":"https:\/\/linitiative.ca\/International\/wp-json\/wp\/v2\/categories?post=38632"},{"taxonomy":"post_tag","embeddable":true,"href":"https:\/\/linitiative.ca\/International\/wp-json\/wp\/v2\/tags?post=38632"}],"curies":[{"name":"wp","href":"https:\/\/api.w.org\/{rel}","templated":true}]}}