{"id":38633,"date":"2019-06-04T08:59:09","date_gmt":"2019-06-04T12:59:09","guid":{"rendered":"https:\/\/linitiative.ca\/International\/benchamach-ils-veulent-gerer-le-parti-en-dehors-des-instances-elues\/"},"modified":"2019-06-04T08:59:09","modified_gmt":"2019-06-04T12:59:09","slug":"benchamach-ils-veulent-gerer-le-parti-en-dehors-des-instances-elues","status":"publish","type":"post","link":"https:\/\/linitiative.ca\/International\/benchamach-ils-veulent-gerer-le-parti-en-dehors-des-instances-elues\/","title":{"rendered":"Benchamach : \u00abIls veulent g\u00e9rer le parti en dehors des instances \u00e9lues\u00bb"},"content":{"rendered":"<p><img decoding=\"async\" class=\"post_layout_5_img\" src=\"http:\/\/aujourdhui.ma\/wp-content\/uploads\/2018\/05\/Benchamach-PAM.jpg?x29840\" alt=\"Benchamach : \u00abIls veulent g\u00e9rer le parti en dehors des instances \u00e9lues\u00bb\"\/><\/p>\n<p class=\"p1\"><span class=\"c4\"><strong><span class=\"s1\"><em>Entretien avec le secr\u00e9taire g\u00e9n\u00e9ral du Parti authenticit\u00e9 et modernit\u00e9 (PAM)<\/em><\/span><\/strong><\/span><span id=\"more-312436\"\/><\/p>\n<div class=\"base-box mom_box_sc_custom mom_box_sc clear c5\" readability=\"9\">\n<p class=\"p1\"><strong><em>Dans cette interview,<span class=\"Apple-converted-space\">\u00a0<\/span> le secr\u00e9taire g\u00e9n\u00e9ral du Parti authenticit\u00e9 et modernit\u00e9 revient sur la crise qui secoue son parti depuis de longues semaines et des origines de ce malaise.<\/em><\/strong><\/p>\n<\/div>\n<p class=\"p2\"><span class=\"s1\"><strong>ALM: Tout r\u00e9cemment, un communiqu\u00e9 a \u00e9t\u00e9 rendu public par le bureau f\u00e9d\u00e9ral et les des sections r\u00e9gionales. Quelle est votre position par rapport au contenu de ce communiqu\u00e9 ?<\/strong><\/span><\/p>\n<p class=\"p2\"><span class=\"s1\"><strong>Hakim Benchamach :<\/strong> Il convient tout d\u2019abord de clarifier qu\u2019il ne s\u2019agit pas d\u2019un communiqu\u00e9 du bureau f\u00e9d\u00e9ral dont j\u2019assure la pr\u00e9sidence. Il s\u2019agit d\u2019une correspondance qui \u00e9mane de certains membres du bureau f\u00e9d\u00e9ral dont la quasi-totalit\u00e9 ne sont plus membres du bureau f\u00e9d\u00e9ral, soit parce que leur mandat de coordonnateurs r\u00e9gionaux est arriv\u00e9 \u00e0 terme ou leur proposition de nomination au bureau f\u00e9d\u00e9ral n\u2019a pas \u00e9t\u00e9 approuv\u00e9e. Les propos des vices de forme signal\u00e9s par les suppos\u00e9s signataires relatifs \u00e0 la tenue de la r\u00e9union du bureau f\u00e9d\u00e9ral du dimanche 2 juin 2019 ont \u00e9t\u00e9 d\u00e9mentis par un communiqu\u00e9 publi\u00e9 sur notre site web. Cette r\u00e9union a \u00e9t\u00e9 organis\u00e9e en conformit\u00e9 totale avec les dispositions de l\u2019article 56 de notre r\u00e8glement int\u00e9rieur et un communiqu\u00e9 a \u00e9t\u00e9 publi\u00e9 sur notre site web officiel faisant foi de convocation et pr\u00e9cisant l\u2019ordre du jour de cette r\u00e9union. Cette r\u00e9union s\u2019inscrit dans le cadre du fonctionnement ordinaire des instances de notre parti et constitue une opportunit\u00e9 de d\u00e9bat sur la situation interne et les perspectives d\u2019avenir dont entre autres la tenue de notre 4\u00e8me congr\u00e8s national.<\/span><\/p>\n<p class=\"p2\"><span class=\"s1\"><strong>Depuis plusieurs semaines, voire des mois, les observateurs de la vie partisane assistent \u00e0 une guerre de communiqu\u00e9s au sein du PAM presque quotidiennement. Comment expliquez-vous une telle situation ?<\/strong><\/span><\/p>\n<p class=\"p2\"><span class=\"s1\">Il ne s\u2019agit pas d\u2019une guerre de communiqu\u00e9s car seules les instances officielles du parti ont la qualit\u00e9 d\u2019\u00e9diter des communiqu\u00e9s au nom du PAM. Les d\u00e9clarations faites par les 13 signataires de l\u2019appel de l\u2019avenir expriment des positions et des points de vue de ces derniers sur la crise que vit aujourd\u2019hui notre parti.<\/span><\/p>\n<p class=\"p2\"><span class=\"s1\"><strong>\u00cates-vous d\u2019accord avec ceux qui parlent d\u2019une direction bic\u00e9phale au PAM ?<\/strong><\/span><\/p>\n<p class=\"p2\"><span class=\"s1\">J\u2019avais senti depuis l\u2019accord du 5 janvier 2019 que certaines personnes \u00e9taient anim\u00e9es par la volont\u00e9 de diriger le parti en dehors des institutions et instances \u00e9lues d\u00e9mocratiquement. J\u2019ai accept\u00e9 ce que l\u2019on peut qualifier de direction bic\u00e9phale \u00e0 travers la d\u00e9l\u00e9gation de certaines responsabilit\u00e9s dans un souci de pr\u00e9server l\u2019unit\u00e9 et la coh\u00e9sion du parti et en pensant qu\u2019on sera dans un exercice de mutualisation des intelligences pour aller de l\u2019avant. J\u2019ai r\u00e9alis\u00e9 par la suite qu\u2019ils \u00e9taient sciemment install\u00e9s dans une logique putschiste et dans une d\u00e9marche pr\u00e9m\u00e9dit\u00e9e de \u00abcambriolage\u00bb des institutions du parti. C\u2019est la raison qui m\u2019a amen\u00e9 \u00e0 mettre fin \u00e0 toutes ces d\u00e9l\u00e9gations et \u00e0 cette bic\u00e9phalie institutionnelle st\u00e9rile.<\/span><\/p>\n<p class=\"p2\"><span class=\"s1\"><strong>Au-del\u00e0 de ce qui est pr\u00e9sent\u00e9 dans les communiqu\u00e9s officiels, pouvez-vous nous \u00e9clairer plus sur les raisons profondes de cette crise ?<\/strong><\/span><\/p>\n<p class=\"p2\"><span class=\"s1\">Je tiens \u00e0 rappeler la chronologie de cette crise qui a d\u00e9marr\u00e9 au lendemain de mon \u00e9lection, dans une session extraordinaire du conseil national, \u00e0 la t\u00eate du parti pour succ\u00e9der \u00e0 M. Ilyass El Omari, d\u00e9missionnaire, et assurer le fonctionnement du parti jusqu\u2019\u00e0 la tenue de notre quatri\u00e8me congr\u00e8s national pr\u00e9vu en janvier 2020. Suivi, deux mois apr\u00e8s, par l\u2019\u00e9lection des membres du bureau politique \u00e9lus via les urnes par un corps \u00e9lectoral de plus 1.000 membres formant le conseil national. Certaines personnes, pour la plupart signataires de l\u2019appel de l\u2019avenir, ont contest\u00e9 l\u2019\u00e9lection de certains membres du bureau politique. Leurs recours ont \u00e9t\u00e9 adress\u00e9s et examin\u00e9s par la commission d\u2019\u00e9thique et arbitrage qui a rendu son verdict en faveur des candidats \u00e9lus. C\u2019est le facteur d\u00e9clencheur de la crise qui a pris d\u2019autres dimensions allant jusqu\u2019\u00e0 exercer des pressions sur le secr\u00e9taire g\u00e9n\u00e9ral du parti pour avancer la date du congr\u00e8s et partager certaines de mes pr\u00e9rogatives avec eux. Par souci de maintien de l\u2019unit\u00e9 et de la coh\u00e9sion du parti et anim\u00e9 par la volont\u00e9 de d\u00e9passer cette crise, j\u2019ai accept\u00e9 le fameux accord du 5 janvier 2019, malgr\u00e9 la r\u00e9ticence de plusieurs membres du bureau politique, par lequel j\u2019ai d\u00e9l\u00e9gu\u00e9 la vice-pr\u00e9sidence du bureau politique \u00e0 M. Ahmed Akhchichene et la pr\u00e9sidence du bureau f\u00e9d\u00e9ral \u00e0 M. Mohammed Hamouti avec comme suppl\u00e9ants M. Samir Koudar et M. Ahmed Ghayate. J\u2019ai \u00e9galement accept\u00e9 par cet accord d\u2019avancer la date du congr\u00e8s.\u00a0<\/span><\/p>\n<p class=\"p2\"><span class=\"s1\"><strong>Mais cette mesure n\u2019a pas apais\u00e9 les tensions\u2026<\/strong><\/span><\/p>\n<p class=\"p2\"><span class=\"s1\">Ce partage de responsabilit\u00e9 avait dans mon esprit comme objectif d\u2019absorber cette crise reposant au fond sur des ambitions d\u00e9mesur\u00e9es et ill\u00e9gitimes et des \u00e9gos surdimensionn\u00e9s de certaines personnes qui veulent diriger le parti \u00e0 la place de ceux et celles qui on \u00e9t\u00e9 \u00e9lus de fa\u00e7on d\u00e9mocratique pour se servir et non pas servir le parti. En conformit\u00e9 avec cet accord, nous avons proc\u00e9d\u00e9 lors de la derni\u00e8re \u00e9dition du conseil national \u00e0 la constitution de la commission pr\u00e9paratoire de notre congr\u00e8s conform\u00e9ment aux dispositions de notre r\u00e8glement int\u00e9rieur et sur la base d\u2019une d\u00e9cision consensuelle du conseil national relative \u00e0 la d\u00e9finition de la composition de ladite commission. Lors de la r\u00e9union du samedi 18 mai 2019 qui \u00e9tait cens\u00e9e \u00e9lire le pr\u00e9sident et le bureau de cette commission pr\u00e9paratoire, le chaos \u00e9tait tel que j\u2019ai \u00e9t\u00e9 contraint de lever la s\u00e9ance et d\u2019annoncer un report de la commission pr\u00e9paratoire \u00e0 une date ult\u00e9rieure. D\u00e8s le d\u00e9but de la s\u00e9ance, j\u2019ai eu \u00e0 constater la col\u00e8re de plusieurs membres de la commission pr\u00e9paratoire qui s\u2019indignaient de l\u2019entr\u00e9e en salle avec force de personnes qui n\u2019\u00e9taient pas membres de la commission. Face \u00e0 l\u2019impossibilit\u00e9 d\u2019organiser une op\u00e9ration sereine de vote du pr\u00e9sident de la commission et des pr\u00e9sidents des sous-commissions,<span class=\"Apple-converted-space\">\u00a0<\/span> j\u2019ai propos\u00e9 \u00e0 l\u2019assistance de se mettre d\u2019accord sur un candidat unique de consensus.<\/span><\/p>\n<p class=\"p2\"><span class=\"s1\"><strong>Quelle a \u00e9t\u00e9 la prochaine \u00e9tape ?<\/strong><\/span><\/p>\n<p class=\"p2\"><span class=\"s1\">Une commission restreinte ad hoc a \u00e9t\u00e9 constitu\u00e9e s\u00e9ance tenante et s\u2019est r\u00e9unie pour formuler des propositions relatives \u00e0 la pr\u00e9sidence et \u00e0 la vice-pr\u00e9sidence de la commission pr\u00e9paratoire. Les propositions de cette commission n\u2019ont pas fait l\u2019unanimit\u00e9 des membres de la commission ce qui rendait le passage au vote obligatoire. <strong><br \/><\/strong>La commission s\u2019est engag\u00e9e, avant l\u2019organisation de l\u2019op\u00e9ration de vote, dans un d\u00e9bat sur la nature et les conditions de vote qui s\u2019est sold\u00e9 par un \u00e9chec et qui a abouti \u00e0 des d\u00e9bordements rendant impossible la poursuite des travaux de la commission, ce qui m\u2019a contraint \u00e0 lever la s\u00e9ance et annoncer le report de la tenue de la commission \u00e0 une date ult\u00e9rieure. L\u2019enregistrement vid\u00e9o publi\u00e9 atteste de fa\u00e7on irr\u00e9futable de ces d\u00e9rapages. En violation aux dispositions de notre r\u00e8glement int\u00e9rieur et d\u00e9fiant toute \u00e9thique politique, M. Mohammed Hamouti, pr\u00e9sident par d\u00e9l\u00e9gation du bureau f\u00e9d\u00e9ral, s\u2019est permis d\u2019ouvrir une nouvelle s\u00e9ance et M. Samir Koudar s\u2019est autoproclam\u00e9 pr\u00e9sident de la commission. Appel\u00e9e \u00e0 statuer sur le d\u00e9roulement de la r\u00e9union de la commission pr\u00e9paratoire, la commission d\u2019\u00e9thique et d\u2019arbitrage a attest\u00e9 dans son rapport pr\u00e9liminaire de l\u2019invalidit\u00e9 de l\u2019\u00e9lection de M. Samir Koudar comme pr\u00e9sident de la commission pr\u00e9paratoire et a enregistr\u00e9 avec regret l\u2019absence de conditions objectives et saines pour proc\u00e9der \u00e0 l\u2019\u00e9lection du pr\u00e9sident du comit\u00e9 pr\u00e9paratoire. La commission a \u00e9galement annonc\u00e9 sa ferme intention d\u2019ouvrir une enqu\u00eate sur cette \u00e9lection afin de d\u00e9terminer les responsabilit\u00e9s et de prendre les mesures qui s\u2019imposent.<\/span><\/p>\n<p class=\"p2\"><span class=\"s1\"><strong>Vos d\u00e9tracteurs vous pr\u00e9sentent souvent dans leur communication comme \u00e9tant un pr\u00e9sident autocratique qui prend des d\u00e9cisions unilat\u00e9rales sans en r\u00e9f\u00e9rer aux instances\u2026 Que r\u00e9pondez-vous pour votre d\u00e9fense ?<\/strong><\/span><\/p>\n<p class=\"p2\"><span class=\"s1\">Je suis devenu dans les d\u00e9clarations des d\u00e9tracteurs qui sont les 13 signataires de l\u2019appel de l\u2019avenir <em>\u00abun secr\u00e9taire g\u00e9n\u00e9ral autocratique\u00bb<\/em> quand j\u2019ai d\u00e9cid\u00e9, apr\u00e8s avoir compris les v\u00e9ritables raisons de leurs agissements, de ne plus c\u00e9der \u00e0 leurs chantages, caprices et pressions et d\u2019appliquer en l\u00e9galiste que je suis les dispositions de notre statut et r\u00e8glement int\u00e9rieur et de m\u2019acquitter en tant que secr\u00e9taire g\u00e9n\u00e9ral de toutes les missions et pr\u00e9rogatives qui me sont d\u00e9volues par les r\u00e8glements de notre parti. C\u2019est dans ce cadre-l\u00e0 que j\u2019ai mis fin \u00e0 la d\u00e9l\u00e9gation que j\u2019ai faite \u00e0 M. Ahmed Akhchichene comme vice-secr\u00e9taire g\u00e9n\u00e9ral et \u00e0 la d\u00e9l\u00e9gation que j\u2019ai procur\u00e9e \u00e0 M. Mohammed Hamouti pour diriger le bureau f\u00e9d\u00e9ral, deux fonctions qui n\u2019existent pas dans notre r\u00e8glement int\u00e9rieur et qui r\u00e9sultent du fameux accord du 5 janvier.<\/span><\/p>\n<p class=\"p2\"><span class=\"s1\"><strong>Certains sympathisants et m\u00eame des militants du PAM s\u2019inqui\u00e8tent aujourd\u2019hui d\u2019un risque d\u2019implosion \u00e0 cause de cette lutte fratricide. Qu\u2019avez-vous \u00e0 leur dire pour les rassurer ?<\/strong><\/span><\/p>\n<p class=\"p2\"><span class=\"s1\">Je suis de ceux qui pensent que les crises peuvent \u00eatre transform\u00e9es en des opportunit\u00e9s de renaissance si on sait les gouverner. La lutte qu\u2019on m\u00e8ne aujourd\u2019hui avec l\u2019ensemble des fondateurs du PAM et la majorit\u00e9 \u00e9crasante des militantes et militants de notre parti est juste. Elle vise l\u2019assainissement de notre parti des pratiques d\u2019opportunisme, de rente, de m\u00e9diocrit\u00e9 politique, de mensonges, de populisme, de corruption et des \u00e9gos d\u00e9mesur\u00e9s. Elle ambitionne l\u2019inauguration d\u2019un agir politique d\u00e9mocratique, respectueux de la l\u00e9galit\u00e9 des institutions et des r\u00e8glements, engag\u00e9 dans la moralisation de la pratique partisane et r\u00e9solument orient\u00e9e au service des citoyens. Je suis certain que les Pamistes qui ont su d\u00e9passer de pr\u00e9c\u00e9dentes crises plus virulentes ont l\u2019intelligence collective n\u00e9cessaire pour vaincre cette crise et en sortir encore plus forts et plus d\u00e9termin\u00e9s \u00e0 gagner le pari de faire la politique autrement.<\/span><\/p>\n<p class=\"p2\"><span class=\"s1\"><strong>Depuis l\u2019\u00e9clatement de cette bataille, avez-vous fait quelques tentatives de r\u00e9conciliation \u00e0 travers le dialogue? Si oui, pour quel r\u00e9sultat ?<\/strong><\/span><\/p>\n<p class=\"p2\"><span class=\"s1\">J\u2019ai \u00e9t\u00e9 depuis le commencement dans une d\u00e9marche de dialogue et de concessions pour pr\u00e9server l\u2019unit\u00e9 et la coh\u00e9sion du parti et je demeure ouvert \u00e0 toute initiative s\u00e9rieuse et bien intentionn\u00e9e d\u2019absorption de cette crise mais avec un ma\u00eetre mot: le respect des institutions et des lois et r\u00e8glements, la poursuite du processus de moralisation et l\u2019application stricte du principe de la corr\u00e9lation entre la responsabilit\u00e9 et la reddition des comptes.<\/span><\/p>\n<p class=\"p2\"><span class=\"s1\"><strong>Avez-vous un message \u00e0 adresser \u00e0 vos d\u00e9tracteurs au sein du parti ?<\/strong><\/span><\/p>\n<p class=\"p2\"><span class=\"s1\">L\u2019avenir appartient \u00e0 ceux qui croient en leurs r\u00eaves. Je r\u00eave, avec les Pamistes, de faire de notre PAM un parti moderne, d\u00e9mocrate, efficace et efficient r\u00e9solument engag\u00e9 au service des grandes causes de notre patrie et des citoyens marocains et je suis certain qu\u2019on va gagner ce challenge.<\/span><\/p>\n<p>Auteur: Mohamed Badrane<br \/>\n<a href=\"http:\/\/aujourdhui.ma\/politique\/benchamach-ils-veulent-gerer-le-parti-en-dehors-des-instances-elues\">Cliquez ici pour lire l&rsquo;article depuis sa source.<\/a><\/p>\n","protected":false},"excerpt":{"rendered":"<p>Entretien avec le secr\u00e9taire g\u00e9n\u00e9ral du Parti authenticit\u00e9 et modernit\u00e9 (PAM) Dans cette interview,\u00a0 le secr\u00e9taire g\u00e9n\u00e9ral du Parti authenticit\u00e9 et modernit\u00e9 revient sur la crise qui secoue son parti depuis de longues semaines et des origines de ce malaise. ALM: Tout r\u00e9cemment, un communiqu\u00e9 a \u00e9t\u00e9 rendu public par le bureau f\u00e9d\u00e9ral et les [&hellip;]<\/p>\n","protected":false},"author":1759,"featured_media":0,"comment_status":"closed","ping_status":"closed","sticky":false,"template":"","format":"standard","meta":{"fifu_image_url":"","fifu_image_alt":"","footnotes":""},"categories":[73,54],"tags":[],"class_list":["post-38633","post","type-post","status-publish","format-standard","hentry","category-actualite","category-maroc"],"_links":{"self":[{"href":"https:\/\/linitiative.ca\/International\/wp-json\/wp\/v2\/posts\/38633","targetHints":{"allow":["GET"]}}],"collection":[{"href":"https:\/\/linitiative.ca\/International\/wp-json\/wp\/v2\/posts"}],"about":[{"href":"https:\/\/linitiative.ca\/International\/wp-json\/wp\/v2\/types\/post"}],"author":[{"embeddable":true,"href":"https:\/\/linitiative.ca\/International\/wp-json\/wp\/v2\/users\/1759"}],"replies":[{"embeddable":true,"href":"https:\/\/linitiative.ca\/International\/wp-json\/wp\/v2\/comments?post=38633"}],"version-history":[{"count":0,"href":"https:\/\/linitiative.ca\/International\/wp-json\/wp\/v2\/posts\/38633\/revisions"}],"wp:attachment":[{"href":"https:\/\/linitiative.ca\/International\/wp-json\/wp\/v2\/media?parent=38633"}],"wp:term":[{"taxonomy":"category","embeddable":true,"href":"https:\/\/linitiative.ca\/International\/wp-json\/wp\/v2\/categories?post=38633"},{"taxonomy":"post_tag","embeddable":true,"href":"https:\/\/linitiative.ca\/International\/wp-json\/wp\/v2\/tags?post=38633"}],"curies":[{"name":"wp","href":"https:\/\/api.w.org\/{rel}","templated":true}]}}