{"id":38634,"date":"2019-06-04T09:12:47","date_gmt":"2019-06-04T13:12:47","guid":{"rendered":"https:\/\/linitiative.ca\/International\/69eme-congres-de-la-fifa-jeudi-a-paris-lelection-du-nouveau-president-au-programme\/"},"modified":"2019-06-04T09:12:47","modified_gmt":"2019-06-04T13:12:47","slug":"69eme-congres-de-la-fifa-jeudi-a-paris-lelection-du-nouveau-president-au-programme","status":"publish","type":"post","link":"https:\/\/linitiative.ca\/International\/69eme-congres-de-la-fifa-jeudi-a-paris-lelection-du-nouveau-president-au-programme\/","title":{"rendered":"69\u00e8me Congr\u00e8s de la Fifa jeudi \u00e0 Paris : L\u2019\u00e9lection du nouveau pr\u00e9sident au programme"},"content":{"rendered":"<header>\n<div class=\"entry-post-meta\">\n<div class=\"author-link\">Publi\u00e9 par <a itemprop=\"author\" itemscope=\"\" itemtype=\"https:\/\/schema.org\/Person\" href=\"http:\/\/aujourdhui.ma\/profile\/kaid\" rel=\"author\"><span itemprop=\"name\">ALM<\/span><\/a><\/div>\n<p>Date\u00a0:<time content=\"2019-06-04T13:12:47+00:00\" class=\"entry-date updated\" datetime=\"2019-06-04T13:12:47+00:00\">juin 04, 2019<\/time><\/p>\n<div class=\"entry-cat\">dans:<a href=\"http:\/\/aujourdhui.ma\/category\/sports\" rel=\"category tag\">Sports<\/a><\/div>\n<p>0 Vues<\/p>\n<\/div>\n<\/header>\n<div class=\"entry-content clearfix\" readability=\"58\"><img decoding=\"async\" class=\"post_layout_5_img\" src=\"http:\/\/aujourdhui.ma\/wp-content\/uploads\/2019\/01\/Gianni-Infantino-FIFA-Mondial-2030.jpg?x29840\" alt=\"69\u00e8me Congr\u00e8s de la Fifa jeudi \u00e0 Paris : L\u2019\u00e9lection du nouveau pr\u00e9sident au programme\"\/><\/p>\n<p class=\"p1\"><span class=\"s1 c5\"><span class=\"c4\"><strong>Les pr\u00e9paratifs vont bon train \u00e0 Paris pour l\u2019organisation, jeudi prochain, du 69\u00e8me Congr\u00e8s de la Fifa qui sera principalement marqu\u00e9 par l\u2019\u00e9lection du pr\u00e9sident de la F\u00e9d\u00e9ration internationale pour le mandat 2019-2023.<\/strong><\/span><\/span> <span id=\"more-312474\"\/><\/p>\n<p class=\"p1\"><span class=\"s1\">Ce rendez-vous r\u00e9unira les 211 Associations membres de la Fifa dont l\u2019Italo-suisse Gianni Infantino pr\u00e9side aux destin\u00e9es depuis le 26 f\u00e9vrier 2016. Ce congr\u00e8s se d\u00e9roulera \u00e0 la veille du match d\u2019ouverture de la Coupe du monde f\u00e9minine de la Fifa, France 2019, pr\u00e9vu vendredi soir dans la capitale fran\u00e7aise. Dans le pass\u00e9, Paris avait d\u00e9j\u00e0 accueilli \u00e0 huit reprises le congr\u00e8s de la Fifa, en 1904 (Congr\u00e8s fondateur), 1905, 1924, 1938, 1953, 1972, 1998 (Coupe du monde) et 2004 (Centenaire de la Fifa).<\/span><\/p>\n<p class=\"p1\"><span class=\"s1\">A noter qu\u2019en marge du 69\u00e8me Congr\u00e8s de la Fifa, la Conf\u00e9d\u00e9ration africaine de football (CAF) r\u00e9unira, mardi \u00e0 Paris, un comit\u00e9 ex\u00e9cutif d\u2019urgence suite \u00e0 la finale retour chaotique de la Ligue des Champions entre le WAC de Casablanca et l\u2019Esp\u00e9rance de Tunis (EST).<\/span><\/p>\n<\/div>\n<p>Auteur: ALM<br \/>\n<a href=\"http:\/\/aujourdhui.ma\/sports\/69eme-congres-de-la-fifa-jeudi-a-paris-lelection-du-nouveau-president-au-programme\">Cliquez ici pour lire l&rsquo;article depuis sa source.<\/a><\/p>\n","protected":false},"excerpt":{"rendered":"<p>Publi\u00e9 par ALM Date\u00a0:juin 04, 2019 dans:Sports 0 Vues Les pr\u00e9paratifs vont bon train \u00e0 Paris pour l\u2019organisation, jeudi prochain, du 69\u00e8me Congr\u00e8s de la Fifa qui sera principalement marqu\u00e9 par l\u2019\u00e9lection du pr\u00e9sident de la F\u00e9d\u00e9ration internationale pour le mandat 2019-2023. Ce rendez-vous r\u00e9unira les 211 Associations membres de la Fifa dont l\u2019Italo-suisse Gianni [&hellip;]<\/p>\n","protected":false},"author":1759,"featured_media":0,"comment_status":"closed","ping_status":"closed","sticky":false,"template":"","format":"standard","meta":{"fifu_image_url":"","fifu_image_alt":"","footnotes":""},"categories":[73,54],"tags":[],"class_list":["post-38634","post","type-post","status-publish","format-standard","hentry","category-actualite","category-maroc"],"_links":{"self":[{"href":"https:\/\/linitiative.ca\/International\/wp-json\/wp\/v2\/posts\/38634","targetHints":{"allow":["GET"]}}],"collection":[{"href":"https:\/\/linitiative.ca\/International\/wp-json\/wp\/v2\/posts"}],"about":[{"href":"https:\/\/linitiative.ca\/International\/wp-json\/wp\/v2\/types\/post"}],"author":[{"embeddable":true,"href":"https:\/\/linitiative.ca\/International\/wp-json\/wp\/v2\/users\/1759"}],"replies":[{"embeddable":true,"href":"https:\/\/linitiative.ca\/International\/wp-json\/wp\/v2\/comments?post=38634"}],"version-history":[{"count":0,"href":"https:\/\/linitiative.ca\/International\/wp-json\/wp\/v2\/posts\/38634\/revisions"}],"wp:attachment":[{"href":"https:\/\/linitiative.ca\/International\/wp-json\/wp\/v2\/media?parent=38634"}],"wp:term":[{"taxonomy":"category","embeddable":true,"href":"https:\/\/linitiative.ca\/International\/wp-json\/wp\/v2\/categories?post=38634"},{"taxonomy":"post_tag","embeddable":true,"href":"https:\/\/linitiative.ca\/International\/wp-json\/wp\/v2\/tags?post=38634"}],"curies":[{"name":"wp","href":"https:\/\/api.w.org\/{rel}","templated":true}]}}