{"id":38635,"date":"2019-06-04T09:15:01","date_gmt":"2019-06-04T13:15:01","guid":{"rendered":"https:\/\/linitiative.ca\/International\/29eme-journee-de-la-botola-maroc-telecom-le-wac-a-une-victoire-du-sacre-duels-a-distance-entre-les-relegables\/"},"modified":"2019-06-04T09:15:01","modified_gmt":"2019-06-04T13:15:01","slug":"29eme-journee-de-la-botola-maroc-telecom-le-wac-a-une-victoire-du-sacre-duels-a-distance-entre-les-relegables","status":"publish","type":"post","link":"https:\/\/linitiative.ca\/International\/29eme-journee-de-la-botola-maroc-telecom-le-wac-a-une-victoire-du-sacre-duels-a-distance-entre-les-relegables\/","title":{"rendered":"29\u00e8me journ\u00e9e de la Botola Maroc Telecom : Le WAC \u00e0 une victoire du sacre, duels \u00e0 distance entre les rel\u00e9gables"},"content":{"rendered":"<p><img decoding=\"async\" class=\"post_layout_5_img\" src=\"http:\/\/aujourdhui.ma\/wp-content\/uploads\/2019\/06\/Wac-wydad.jpg?x29840\" alt=\"29\u00e8me journ\u00e9e de la Botola Maroc Telecom : Le WAC \u00e0 une victoire du sacre, duels \u00e0 distance entre les rel\u00e9gables\"\/><\/p>\n<p class=\"p1\"><span class=\"c4\"><strong><em>D\u2019une haute intensit\u00e9 et ayant des r\u00e9percussions directes sur l\u2019identit\u00e9 du champion ainsi que celle des malheureux rel\u00e9gu\u00e9s, ces matchs seront \u00e0 suivre de tr\u00e8s pr\u00e8s.<\/em><\/strong><\/span><span id=\"more-312478\"\/><\/p>\n<p class=\"p1\"><span class=\"s1\">Seules deux rencontres ont \u00e9t\u00e9 disput\u00e9es les 17 et 18 mai pour le compte de la 29\u00e8me journ\u00e9e de la Botola Maroc Telecom (Wydad-IRT et DHJ-HUSA). La F\u00e9d\u00e9ration royale marocaine de football avait annonc\u00e9 une reprogrammation des matchs de l\u2019avant et derni\u00e8re journ\u00e9e du championnat.<\/span><\/p>\n<p class=\"p1\"><span class=\"s1\"><em>\u00abEn coordination entre la FRMF et la Ligue nationale du football professionnel (LNFP) et apr\u00e8s consultation du s\u00e9lectionneur national, M. Herv\u00e9 Renard par le pr\u00e9sident de la FRMF, M. Fouzi Lekjaa au sujet du stage de pr\u00e9paration de l\u2019ENA en pr\u00e9vision de la Coupe d\u2019Afrique des Nations 2019, il a \u00e9t\u00e9 d\u00e9cid\u00e9 de reprogrammer les matchs des 29\u00e8me et 30\u00e8me journ\u00e9es de Botola Maroc Telecom D1\u00bb<\/em>, indique un communiqu\u00e9 de la FRMF publi\u00e9 sur son site officiel. Initialement pr\u00e9vus les 8 et 9 juin, ils seront finalement disput\u00e9s ce soir.<\/span><\/p>\n<p class=\"p1\"><span class=\"s1\">D\u2019une haute intensit\u00e9 et ayant des r\u00e9percussions directes sur l\u2019identit\u00e9 du champion ainsi que celle des malheureux rel\u00e9gu\u00e9s, ces matchs seront \u00e0 suivre de tr\u00e8s pr\u00e8s. A commencer par le choc Wydad-OCK comptant pour la 27\u00e8me journ\u00e9e et qui aura lieu au P\u00e8re Jego.<\/span><\/p>\n<p class=\"p1\"><span class=\"s1\">Le moral est loin d\u2019\u00eatre au beau fixe pour les Rouges. Les incidents f\u00e2cheux de la Ligue des Champions leur restent en travers de la gorge. Mais leur d\u00e9termination ne se laissera pas amocher. Remporter ce choc leur garantira le sacre.<\/span><\/p>\n<p class=\"p1\"><span class=\"s1\">Le Mouloudia d\u2019Oujda a d\u00e9cid\u00e9 d\u2019accueillir l\u2019AS FAR au stade municipal de Berkane. Si les locaux ressentent une certaine tranquillit\u00e9 par rapport \u00e0 leur maintien, les Militaires, eux, veulent abr\u00e9ger les souffrances et remporter ce match qui leur garantira le maintien parmi l\u2019\u00e9lite.<br \/>Le spectre de la rel\u00e9gation guette d\u2019autres formations \u00e0 l\u2019instar du KACM. Son d\u00e9placement \u00e0 Safi est des plus p\u00e9rilleux. Apr\u00e8s avoir pris le meilleur sur le CAYB et l\u2019IRT lors des deux derni\u00e8res rencontres, l\u2019ambition pour les Marrakchis est de ne pas interrompre la s\u00e9rie de victoires. Le moindre faux pas pourrait leur co\u00fbter tr\u00e8s cher. Lorsqu\u2019on sait qu\u2019un seul point les s\u00e9pare du Moghreb de T\u00e9touan, on comprend rapidement l\u2019enjeu capital de ces confrontations.<\/span><\/p>\n<p class=\"p1\"><span class=\"s1\">Les nordistes auront l\u2019avantage de recevoir \u00e0 domicile mais auront en m\u00eame temps la malchance de se mesurer avec une formation des plus solides et qui ne fera pas de cadeaux puisqu\u2019elle lutte \u00e9galement pour le titre, \u00e0 savoir le Raja de Casablanca. Et que dire du duel opposant le CRA au CAYB! Les Rifains sont les plus proches de l\u2019ascenseur qui m\u00e8ne \u00e0 la D2. Certes, leurs chances de maintien ne sont pas totalement mortes m\u00eame si cela rel\u00e8vera du miracle. Mais ne dit-on pas que l\u2019espoir fait vivre !<\/span><\/p>\n<p class=\"p1\"><span class=\"s1\">Enfin, le FUS qui a eu toutes les peines du monde pour remonter la pente se heurtera au finaliste de la Coupe de la CAF, la RSB. Cette derni\u00e8re, auteur d\u2019une belle \u00e9pop\u00e9e continentale, ne compte pas s\u2019arr\u00eater en si bon chemin et ne jurera que par la victoire jusqu\u2019au dernier match.<\/span><\/p>\n<p>Auteur: ALM<br \/>\n<a href=\"http:\/\/aujourdhui.ma\/sports\/29eme-journee-de-la-botola-maroc-telecom-le-wac-a-une-victoire-du-sacre-duels-a-distance-entre-les-relegables\">Cliquez ici pour lire l&rsquo;article depuis sa source.<\/a><\/p>\n","protected":false},"excerpt":{"rendered":"<p>D\u2019une haute intensit\u00e9 et ayant des r\u00e9percussions directes sur l\u2019identit\u00e9 du champion ainsi que celle des malheureux rel\u00e9gu\u00e9s, ces matchs seront \u00e0 suivre de tr\u00e8s pr\u00e8s. Seules deux rencontres ont \u00e9t\u00e9 disput\u00e9es les 17 et 18 mai pour le compte de la 29\u00e8me journ\u00e9e de la Botola Maroc Telecom (Wydad-IRT et DHJ-HUSA). La F\u00e9d\u00e9ration royale [&hellip;]<\/p>\n","protected":false},"author":1759,"featured_media":0,"comment_status":"closed","ping_status":"closed","sticky":false,"template":"","format":"standard","meta":{"fifu_image_url":"","fifu_image_alt":"","footnotes":""},"categories":[73,54],"tags":[],"class_list":["post-38635","post","type-post","status-publish","format-standard","hentry","category-actualite","category-maroc"],"_links":{"self":[{"href":"https:\/\/linitiative.ca\/International\/wp-json\/wp\/v2\/posts\/38635","targetHints":{"allow":["GET"]}}],"collection":[{"href":"https:\/\/linitiative.ca\/International\/wp-json\/wp\/v2\/posts"}],"about":[{"href":"https:\/\/linitiative.ca\/International\/wp-json\/wp\/v2\/types\/post"}],"author":[{"embeddable":true,"href":"https:\/\/linitiative.ca\/International\/wp-json\/wp\/v2\/users\/1759"}],"replies":[{"embeddable":true,"href":"https:\/\/linitiative.ca\/International\/wp-json\/wp\/v2\/comments?post=38635"}],"version-history":[{"count":0,"href":"https:\/\/linitiative.ca\/International\/wp-json\/wp\/v2\/posts\/38635\/revisions"}],"wp:attachment":[{"href":"https:\/\/linitiative.ca\/International\/wp-json\/wp\/v2\/media?parent=38635"}],"wp:term":[{"taxonomy":"category","embeddable":true,"href":"https:\/\/linitiative.ca\/International\/wp-json\/wp\/v2\/categories?post=38635"},{"taxonomy":"post_tag","embeddable":true,"href":"https:\/\/linitiative.ca\/International\/wp-json\/wp\/v2\/tags?post=38635"}],"curies":[{"name":"wp","href":"https:\/\/api.w.org\/{rel}","templated":true}]}}