{"id":38636,"date":"2019-06-04T09:30:51","date_gmt":"2019-06-04T13:30:51","guid":{"rendered":"https:\/\/linitiative.ca\/International\/vente-aux-encheres-a-casablanca-des-oeuvres-majeures-a-lhonneur\/"},"modified":"2019-06-04T09:30:51","modified_gmt":"2019-06-04T13:30:51","slug":"vente-aux-encheres-a-casablanca-des-oeuvres-majeures-a-lhonneur","status":"publish","type":"post","link":"https:\/\/linitiative.ca\/International\/vente-aux-encheres-a-casablanca-des-oeuvres-majeures-a-lhonneur\/","title":{"rendered":"Vente aux ench\u00e8res \u00e0 Casablanca : Des \u0153uvres majeures \u00e0 l\u2019honneur"},"content":{"rendered":"<p><img decoding=\"async\" class=\"post_layout_5_img\" src=\"http:\/\/aujourdhui.ma\/wp-content\/uploads\/2019\/06\/CMOOA-Vente-aux-enche%CC%80res-a%CC%80-Casablanca.jpg?x29840\" alt=\"Vente aux ench\u00e8res \u00e0 Casablanca : Des \u0153uvres majeures \u00e0 l\u2019honneur\"\/><\/p>\n<p class=\"p1\"><span class=\"c4\"><strong><span class=\"s1\"><em>Elle rend hommage aux ann\u00e9es de la galerie \u00abL\u2018Atelier\u00bb, aux \u00e9crits de Khatibi, Mernissi et La\u00e2bi<\/em><\/span><\/strong><\/span> <span id=\"more-312492\"\/><\/p>\n<p class=\"p2\"><span class=\"s1\">Apr\u00e8s avoir c\u00e9l\u00e9br\u00e9 \u00abLes jeunes collectionneurs\u00bb en mars dernier, la Compagnie marocaine des \u0153uvres et objets d\u2019art (CMOOA) revient \u00e0 nouveau en annon\u00e7ant sa prochaine vente aux ench\u00e8res. Pr\u00e9vu le samedi 22 juin \u00e0 Casablanca, cet \u00e9v\u00e9nement mettra en lumi\u00e8re les grands rendez-vous marquants de l\u2019art marocain ainsi que les figures intellectuelles qui ont anim\u00e9 et accompagn\u00e9 la cr\u00e9ation plastique marocaine au-del\u00e0 des ann\u00e9es 1980.<\/span><\/p>\n<p class=\"p2\"><span class=\"s1\"><em>\u00abLa vente propose des \u0153uvres majeures des p\u00e9riodes \u00e9tudi\u00e9es, et donne \u00e0 voir des artistes que le temps efface parfois des m\u00e9moires tels que Mohammed Hamidi, Boujemaa Lakhdar, Hamid Alaoui, Mohamed Ataallah et Baghdad Benas\u00bb<\/em>, explique \u00e0 ce sujet Hicham Daoudi, pr\u00e9sident de la CMOOA. Et d\u2019ajouter: \u00abLa CMOOA, au-del\u00e0 du r\u00f4le de maison de vente aux ench\u00e8res, a pour dessein de montrer le r\u00f4le et l\u2019importance des recherches artistiques au Maroc. Lutter contre l\u2019effacement des m\u00e9moires, \u00e9viter les lectures superficielles, restituer l\u2019importance et l\u2019audace de recherches intelligentes, c\u2019est le travail que nous pr\u00f4nons, m\u00eame si les publics au Maroc n\u2019ont pas toujours le souci de compr\u00e9hension de l\u2019histoire artistique marocaine\u00bb.<span class=\"Apple-converted-space\">\u00a0<\/span> Dans ce sens, la vente pr\u00e9sente les \u0153uvres d\u2019art de Hamidi, \u00e0 l\u2019instar de ses toiles \u00abComposition, 1971\u00bb, \u00abComposition 1972\u00bb, \u00abComposition 1968\u00bb.<\/span><\/p>\n<p class=\"p2\"><span class=\"s1\">L\u2019\u00e9v\u00e9nement pr\u00e9sente \u00e9galement l\u2019\u0153uvre \u00abComposition 1973\u00bb de Abdellah Hariri. A ne pas manquer les \u0153uvres de Mohamed Melihi telles que \u00abApparition, New York 1963\u00bb et \u00abComposition 1968\u00bb. Par ailleurs, la vente aux ench\u00e8res rend hommage aux ann\u00e9es de la galerie \u00abL \u2018Atelier\u00bb \u00e0 Rabat. <em>\u00abEn revenant sur les traces de la galerie L\u2019Atelier \u00e0 Rabat, cr\u00e9\u00e9e en 1971, puis celles de la galerie Nadar qui l\u2019a suivie en 1974, nous nous rendons compte des efforts consid\u00e9rables des acteurs culturels de l\u2019\u00e9poque \u00e0 d\u00e9voiler une excellence artistique\u00bb.<\/em> En outre, l\u2019\u00e9v\u00e9nement met \u00e0 l\u2019honneur les \u00e9crits d\u2019Abdelkebir Khatibi, Fatima Mernissi, et Abdellatif Laabi, aux projets marquants tels que la collection OCP entre 1980-1981, l\u2019exposition historique au CACP de Grenoble en 1985 sous la houlette de Pierre Gaudibert, \u00e0 l\u2019ouverture de l\u2019Institut du monde Arabe en 1988, l\u2019exposition mythique \u00abLes magiciens de la Terre\u00bb en 1989 au Centre Pompidou<span class=\"Apple-converted-space\">\u00a0<\/span> et la biennale de Sao Paulo en 1994.<\/span><\/p>\n<p>Auteur: Siham Jadraoui<br \/>\n<a href=\"http:\/\/aujourdhui.ma\/culture\/vente-aux-encheres-a-casablanca-des-oeuvres-majeures-a-lhonneur\">Cliquez ici pour lire l&rsquo;article depuis sa source.<\/a><\/p>\n","protected":false},"excerpt":{"rendered":"<p>Elle rend hommage aux ann\u00e9es de la galerie \u00abL\u2018Atelier\u00bb, aux \u00e9crits de Khatibi, Mernissi et La\u00e2bi Apr\u00e8s avoir c\u00e9l\u00e9br\u00e9 \u00abLes jeunes collectionneurs\u00bb en mars dernier, la Compagnie marocaine des \u0153uvres et objets d\u2019art (CMOOA) revient \u00e0 nouveau en annon\u00e7ant sa prochaine vente aux ench\u00e8res. Pr\u00e9vu le samedi 22 juin \u00e0 Casablanca, cet \u00e9v\u00e9nement mettra en [&hellip;]<\/p>\n","protected":false},"author":1759,"featured_media":0,"comment_status":"closed","ping_status":"closed","sticky":false,"template":"","format":"standard","meta":{"fifu_image_url":"","fifu_image_alt":"","footnotes":""},"categories":[73,54],"tags":[],"class_list":["post-38636","post","type-post","status-publish","format-standard","hentry","category-actualite","category-maroc"],"_links":{"self":[{"href":"https:\/\/linitiative.ca\/International\/wp-json\/wp\/v2\/posts\/38636","targetHints":{"allow":["GET"]}}],"collection":[{"href":"https:\/\/linitiative.ca\/International\/wp-json\/wp\/v2\/posts"}],"about":[{"href":"https:\/\/linitiative.ca\/International\/wp-json\/wp\/v2\/types\/post"}],"author":[{"embeddable":true,"href":"https:\/\/linitiative.ca\/International\/wp-json\/wp\/v2\/users\/1759"}],"replies":[{"embeddable":true,"href":"https:\/\/linitiative.ca\/International\/wp-json\/wp\/v2\/comments?post=38636"}],"version-history":[{"count":0,"href":"https:\/\/linitiative.ca\/International\/wp-json\/wp\/v2\/posts\/38636\/revisions"}],"wp:attachment":[{"href":"https:\/\/linitiative.ca\/International\/wp-json\/wp\/v2\/media?parent=38636"}],"wp:term":[{"taxonomy":"category","embeddable":true,"href":"https:\/\/linitiative.ca\/International\/wp-json\/wp\/v2\/categories?post=38636"},{"taxonomy":"post_tag","embeddable":true,"href":"https:\/\/linitiative.ca\/International\/wp-json\/wp\/v2\/tags?post=38636"}],"curies":[{"name":"wp","href":"https:\/\/api.w.org\/{rel}","templated":true}]}}