{"id":38637,"date":"2019-06-04T09:57:30","date_gmt":"2019-06-04T13:57:30","guid":{"rendered":"https:\/\/linitiative.ca\/International\/ramadan-pas-dimpact-negatif-sur-le-travail\/"},"modified":"2019-06-04T09:57:30","modified_gmt":"2019-06-04T13:57:30","slug":"ramadan-pas-dimpact-negatif-sur-le-travail","status":"publish","type":"post","link":"https:\/\/linitiative.ca\/International\/ramadan-pas-dimpact-negatif-sur-le-travail\/","title":{"rendered":"Ramadan : Pas d\u2019impact n\u00e9gatif sur le travail !"},"content":{"rendered":"<header>\n<\/header>\n<div class=\"entry-content clearfix\" readability=\"64\"><img decoding=\"async\" class=\"post_layout_5_img\" src=\"http:\/\/aujourdhui.ma\/wp-content\/uploads\/2019\/06\/Ramadan-et-travail.jpg?x29840\" alt=\"Ramadan : Pas d\u2019impact n\u00e9gatif sur le travail !\"\/><\/p>\n<p class=\"p1\"><span class=\"s1 c4\"><strong>Les Marocains au travail restent indiff\u00e9rents quant \u00e0 la saison pendant laquelle le Ramadan a lieu, mais pr\u00e9f\u00e8rent ne pas prendre de cong\u00e9 durant ce mois.<\/strong><\/span><span id=\"more-312506\"\/><\/p>\n<p class=\"p1\"><span class=\"s1\">Contrairement \u00e0 ce que l\u2019ambiance folklorique point\u00e9e de klaxons r\u00e9guli\u00e8rement aux heures de pointe, le mois de Ramadan n\u2019aurait pas impact\u00e9 la productivit\u00e9 des Marocains ! C\u2019est en tous les cas ce qui ressort de la derni\u00e8re enqu\u00eate de ReKrute qui a \u00e9t\u00e9 orient\u00e9e vers la productivit\u00e9 des salari\u00e9s. L\u2019\u00e9chantillon retenu est compos\u00e9 de 1.945 Marocains, majoritairement des jeunes de 25-34 ans (52%), travaillant dans une PME ou TPE (25%, contre 19% dans des GE). 33% sont des cadres, 51% sont des employ\u00e9s et 16% sont des managers. La tendance a r\u00e9v\u00e9l\u00e9 que les salari\u00e9s \u00e9taient toujours productifs, malgr\u00e9 le rythme de Ramadan et des journ\u00e9es plut\u00f4t courtes. Il a m\u00eame \u00e9t\u00e9 constat\u00e9 \u00e0 l\u2019issue de cette enqu\u00eate que les salari\u00e9s pr\u00e9f\u00e9raient d\u00e9marrer leur journ\u00e9e avant l\u2019heure l\u00e9gale fix\u00e9e \u00e0 9 h pour \u00e9viter les embouteillages et arriver \u00e0 boucler le travail. 53% de l\u2019\u00e9chantillon a r\u00e9pondu ainsi. <em>\u00ab52% des Marocains s\u2019organisent pour que leurs activit\u00e9s les plus importantes aient lieu la matin\u00e9e\u00bb.<\/em> Il est clair que le cerveau et le corps \u00e9tant mieux irrigu\u00e9s, les salari\u00e9s sont en meilleure condition le matin pour entreprendre et surtout prendre des d\u00e9cisions. D\u2019ailleurs, <em>\u00ab72% des Marocains souhaiteraient garder les horaires de Ramadan tout au long de l\u2019ann\u00e9e\u00bb,<\/em> affirment les auteurs de l\u2019enqu\u00eate. Toujours est-il que pendant le mois de Ramadan, le rythme de vie des je\u00fbneurs est totalement chamboul\u00e9. L\u2019incidence sur le travail et la vigilance d\u00e9pendant d\u2019une personne \u00e0 une autre.<\/span><\/p>\n<p class=\"p1\"><span class=\"s1\">A noter que ReKrute avait d\u00e9j\u00e0 men\u00e9 une enqu\u00eate en 2015 sur la productivit\u00e9 des Marocains pendant le Ramadan et les r\u00e9sultats demeurent sans grand changement dans leur comportement et leurs habitudes. Le rapport entre le Ramadan et la productivit\u00e9 est clair. L\u2019enqu\u00eate ayant d\u00e9montr\u00e9 que la corr\u00e9lation entre les deux est tr\u00e8s faible. <em>\u00ab52% des r\u00e9pondants affirment que leur productivit\u00e9 ne diminue pas pendant ce mois (contre 48%). Les Marocains au travail restent indiff\u00e9rents quant \u00e0 la saison pendant laquelle le Ramadan a lieu, mais pr\u00e9f\u00e8rent ne pas prendre de cong\u00e9 durant ce mois (78%)\u00bb,<\/em> r\u00e9v\u00e8lent les r\u00e9sultats de l\u2019enqu\u00eate.<\/span><\/p>\n<p class=\"p1\"><span class=\"s1\">Au contraire de ce que pourrait laisser supposer une anarchie dans la circulation et l\u2019agressivit\u00e9 de certains, les Marocains pr\u00e9f\u00e8rent adopter de bonnes habitudes. Ils sont \u00e9galement de plus en plus conscients des bonnes habitudes \u00e0 adopter pendant le mois de Ramadan : <em>\u00ab52% s\u2019organisent pour que leurs activit\u00e9s importantes aient lieu le matin et 47% essayent de dormir plus t\u00f4t. Les Marocains manquent \u00e9galement d\u2019anticipation, car seulement 18% diminuent leur consommation de caf\u00e9\/cigarette avant le mois de Ramadan\u00bb.<\/em> Bref, la r\u00e9alit\u00e9 de l\u2019urgence \u00e0 l\u2019atteinte de la performance impos\u00e9e par un environnement compl\u00e8tement ouvert fait que le mois sacr\u00e9 de Ramadan est devenu un mois avec les m\u00eames exigences que les autres mois de l\u2019ann\u00e9e. Sage.<\/span><\/p>\n<\/div>\n<p>Auteur: Dounia Essabban<br \/>\n<a href=\"http:\/\/aujourdhui.ma\/emploi\/ramadan-pas-dimpact-negatif-sur-le-travail\">Cliquez ici pour lire l&rsquo;article depuis sa source.<\/a><\/p>\n","protected":false},"excerpt":{"rendered":"<p>Les Marocains au travail restent indiff\u00e9rents quant \u00e0 la saison pendant laquelle le Ramadan a lieu, mais pr\u00e9f\u00e8rent ne pas prendre de cong\u00e9 durant ce mois. Contrairement \u00e0 ce que l\u2019ambiance folklorique point\u00e9e de klaxons r\u00e9guli\u00e8rement aux heures de pointe, le mois de Ramadan n\u2019aurait pas impact\u00e9 la productivit\u00e9 des Marocains ! C\u2019est en tous [&hellip;]<\/p>\n","protected":false},"author":1759,"featured_media":0,"comment_status":"closed","ping_status":"closed","sticky":false,"template":"","format":"standard","meta":{"fifu_image_url":"","fifu_image_alt":"","footnotes":""},"categories":[73,54],"tags":[],"class_list":["post-38637","post","type-post","status-publish","format-standard","hentry","category-actualite","category-maroc"],"_links":{"self":[{"href":"https:\/\/linitiative.ca\/International\/wp-json\/wp\/v2\/posts\/38637","targetHints":{"allow":["GET"]}}],"collection":[{"href":"https:\/\/linitiative.ca\/International\/wp-json\/wp\/v2\/posts"}],"about":[{"href":"https:\/\/linitiative.ca\/International\/wp-json\/wp\/v2\/types\/post"}],"author":[{"embeddable":true,"href":"https:\/\/linitiative.ca\/International\/wp-json\/wp\/v2\/users\/1759"}],"replies":[{"embeddable":true,"href":"https:\/\/linitiative.ca\/International\/wp-json\/wp\/v2\/comments?post=38637"}],"version-history":[{"count":0,"href":"https:\/\/linitiative.ca\/International\/wp-json\/wp\/v2\/posts\/38637\/revisions"}],"wp:attachment":[{"href":"https:\/\/linitiative.ca\/International\/wp-json\/wp\/v2\/media?parent=38637"}],"wp:term":[{"taxonomy":"category","embeddable":true,"href":"https:\/\/linitiative.ca\/International\/wp-json\/wp\/v2\/categories?post=38637"},{"taxonomy":"post_tag","embeddable":true,"href":"https:\/\/linitiative.ca\/International\/wp-json\/wp\/v2\/tags?post=38637"}],"curies":[{"name":"wp","href":"https:\/\/api.w.org\/{rel}","templated":true}]}}