{"id":38639,"date":"2019-06-04T10:30:09","date_gmt":"2019-06-04T14:30:09","guid":{"rendered":"https:\/\/linitiative.ca\/International\/les-ophtalmologues-du-prive-menacent-une-serie-de-greves-apres-laid\/"},"modified":"2019-06-04T10:30:09","modified_gmt":"2019-06-04T14:30:09","slug":"les-ophtalmologues-du-prive-menacent-une-serie-de-greves-apres-laid","status":"publish","type":"post","link":"https:\/\/linitiative.ca\/International\/les-ophtalmologues-du-prive-menacent-une-serie-de-greves-apres-laid\/","title":{"rendered":"Les ophtalmologues du priv\u00e9 menacent  une s\u00e9rie de gr\u00e8ves apr\u00e8s l\u2019A\u00efd"},"content":{"rendered":"<p><img decoding=\"async\" class=\"post_layout_5_img\" src=\"http:\/\/aujourdhui.ma\/wp-content\/uploads\/2019\/06\/ophtalmologue.jpg?x29840\" alt=\"Les ophtalmologues du priv\u00e9 menacent une s\u00e9rie de gr\u00e8ves apr\u00e8s l\u2019A\u00efd\"\/><\/p>\n<p class=\"p1\"><span class=\"c4\"><strong><em>Ils ont tenu un sit-in lundi devant le minist\u00e8re de la sant\u00e9<\/em><\/strong><\/span> <span id=\"more-312463\"\/><\/p>\n<p class=\"p1\"><span class=\"s1\">Les ophtalmologues du priv\u00e9 montent au cr\u00e9neau. Ces derniers ont observ\u00e9 un sit-in le lundi 3 mars devant le minist\u00e8re de la sant\u00e9. Ils menacent d\u2019observer une s\u00e9rie de gr\u00e8ves apr\u00e8s A\u00efd El Fitr. C\u2019est ce qu\u2019a annonc\u00e9 le Syndicat national des ophtalmologues lib\u00e9raux du Maroc (SNOLM) dans un communiqu\u00e9. A l\u2019origine de ce bras de fer entre les opticiens et les ophtalmologues, l\u2019article 6 du projet de loi 45-13 relatif \u00e0 l\u2019exercice des professions de r\u00e9\u00e9ducation, de r\u00e9adaptation et de r\u00e9habilitation fonctionnelle.<\/span><\/p>\n<p class=\"p1\"><span class=\"s1\">Rappelons que l\u2019article en question stipule que <em>\u00abl\u2019opticien lunetier d\u00e9livre au public des articles d\u2019optique destin\u00e9s \u00e0 corriger ou prot\u00e9ger la vue. Pr\u00e9alablement \u00e0 leur d\u00e9livrance, il r\u00e9alise l\u2019adaptation et l\u2019ajustage desdits articles au moyen d\u2019instruments de contr\u00f4le n\u00e9cessaire. Il d\u00e9livre les produits d\u2019entretien et de conservation des lunettes et des lentilles de contact ainsi que les produits de leur humidification\u00bb.<\/em> Cela dit, cet article ne donne pas le droit \u00e0<span class=\"Apple-converted-space\">\u00a0<\/span> l\u2019opticien lunetier de d\u00e9livrer un dispositif m\u00e9dical d\u2019optique sans prescription m\u00e9dicale<span class=\"Apple-converted-space\">\u00a0<\/span> et ce dans 4 cas pr\u00e9cis : pour les sujets de moins de 16 ans, lorsque l\u2019acuit\u00e9 visuelle est inf\u00e9rieure ou \u00e9gale \u00e0 6\/10 apr\u00e8s correction, en cas d\u2019am\u00e9tropies fortes et de presbyties en discordance avec l\u2019\u00e2ge. Le projet de loi avait \u00e9t\u00e9 mis entre les mains de la commission technique en vue de d\u00e9passer ce blocage. Les conclusions de cette commission qui est compos\u00e9e des repr\u00e9sentants du minist\u00e8re de la sant\u00e9 et du Secr\u00e9tariat g\u00e9n\u00e9ral du gouvernement (SGG) <em>\u00ab\u00e9taient d\u2019annuler toutes les exceptions de l\u2019article 6 pour se r\u00e9f\u00e9rer \u00e0 l\u2019article 4 qui impose l\u2019ordonnance m\u00e9dicale, \u00e0 l\u2019ex\u00e9cution de lunettes optiques ordonn\u00e9es par les opticiens-lunetiers\u00bb,<\/em> signale le syndicat. Cela dit, le syndicat s\u2019est dit <em>\u00absurpris par le fait que lors du vote de la commission sociale de la Chambre des conseillers, une proposition d\u2019amendement de derni\u00e8re minute, non \u00e9tudi\u00e9e au pr\u00e9alable, a \u00e9t\u00e9 gliss\u00e9e au niveau des textes valid\u00e9s initialement par la commission technique\u00bb.<\/em><\/span><\/p>\n<p class=\"p1\"><span class=\"s1\">Selon les ophtalmologues, les textes rajout\u00e9s autoriseraient les opticiens \u00e0 faire la mesure de la r\u00e9fraction ainsi que l\u2019adaptation des lentilles de contact, <em>\u00abce qui va constituer une institutionnalisation d\u2019exercice ill\u00e9gal de la m\u00e9decine\u00bb.<\/em> Cette pratique ill\u00e9gale a de graves<span class=\"Apple-converted-space\">\u00a0<\/span> cons\u00e9quences sur la sant\u00e9 du patient. Les<span class=\"Apple-converted-space\">\u00a0<\/span> ophtalmologues craignent <em>\u00ables complications possibles tels l\u2019abc\u00e8s de corn\u00e9e et la c\u00e9cit\u00e9\u00bb<\/em>. Ces derniers estiment qu\u2019il ne faut en aucun cas<span class=\"Apple-converted-space\">\u00a0<\/span> confier cette <em>\u00abdangereuse t\u00e2che pour la fonction visuelle\u00bb<\/em> \u00e0 <em>\u00abdes opticiens, commer\u00e7ants, sans aucune attribution ni<span class=\"Apple-converted-space\">\u00a0<\/span> formation m\u00e9dicale professionnelle\u00bb. \u00abLa r\u00e9fraction et le contr\u00f4le de l\u2019acuit\u00e9 visuelle sont un acte m\u00e9dical qui a pour nomenclature D 356.<\/em><\/span><\/p>\n<p class=\"p1\"><span class=\"s1\"><em>L\u2019opticien n\u2019a aucune formation m\u00e9dicale pour \u00eatre en mesure de r\u00e9aliser un tel acte. Il doit se contenter de vendre des lunettes\u00bb,<\/em> avait indiqu\u00e9 Dr Mohamed Chahbi, ophtalmologue. Signalons que<span class=\"Apple-converted-space\">\u00a0<\/span> ce bras de fer dure depuis d\u00e9j\u00e0 plusieurs mois. Le Syndicat et la Soci\u00e9t\u00e9 marocaine d\u2019ophtalmologie avaient adress\u00e9 en f\u00e9vrier 2019 un m\u00e9morandum aux hauts responsables, notamment le chef de gouvernement et le ministre de la sant\u00e9, sur les dangers de cet article. Dans leur m\u00e9morandum, les ophtalmologues avaient clairement indiqu\u00e9<span class=\"Apple-converted-space\">\u00a0<\/span> que <span class=\"Apple-converted-space\">\u00a0<\/span> permettre aux opticiens de diagnostiquer et mesurer les troubles r\u00e9fractifs (qui sont des maladies) et d\u2019en prescrire et adapter la correction par lunettes est totalement ill\u00e9gal dans la mesure o\u00f9 il s\u2019agit d\u2019actes m\u00e9dicaux de sp\u00e9cialit\u00e9 ophtalmologique. Affaire \u00e0 suivre.<\/span><\/p>\n<p>Auteur: Laila Zerrour<br \/>\n<a href=\"http:\/\/aujourdhui.ma\/societe\/les-ophtalmologues-du-prive-menacent-une-serie-de-greves-apres-laid\">Cliquez ici pour lire l&rsquo;article depuis sa source.<\/a><\/p>\n","protected":false},"excerpt":{"rendered":"<p>Ils ont tenu un sit-in lundi devant le minist\u00e8re de la sant\u00e9 Les ophtalmologues du priv\u00e9 montent au cr\u00e9neau. Ces derniers ont observ\u00e9 un sit-in le lundi 3 mars devant le minist\u00e8re de la sant\u00e9. Ils menacent d\u2019observer une s\u00e9rie de gr\u00e8ves apr\u00e8s A\u00efd El Fitr. C\u2019est ce qu\u2019a annonc\u00e9 le Syndicat national des ophtalmologues [&hellip;]<\/p>\n","protected":false},"author":1759,"featured_media":0,"comment_status":"closed","ping_status":"closed","sticky":false,"template":"","format":"standard","meta":{"fifu_image_url":"","fifu_image_alt":"","footnotes":""},"categories":[73,54],"tags":[],"class_list":["post-38639","post","type-post","status-publish","format-standard","hentry","category-actualite","category-maroc"],"_links":{"self":[{"href":"https:\/\/linitiative.ca\/International\/wp-json\/wp\/v2\/posts\/38639","targetHints":{"allow":["GET"]}}],"collection":[{"href":"https:\/\/linitiative.ca\/International\/wp-json\/wp\/v2\/posts"}],"about":[{"href":"https:\/\/linitiative.ca\/International\/wp-json\/wp\/v2\/types\/post"}],"author":[{"embeddable":true,"href":"https:\/\/linitiative.ca\/International\/wp-json\/wp\/v2\/users\/1759"}],"replies":[{"embeddable":true,"href":"https:\/\/linitiative.ca\/International\/wp-json\/wp\/v2\/comments?post=38639"}],"version-history":[{"count":0,"href":"https:\/\/linitiative.ca\/International\/wp-json\/wp\/v2\/posts\/38639\/revisions"}],"wp:attachment":[{"href":"https:\/\/linitiative.ca\/International\/wp-json\/wp\/v2\/media?parent=38639"}],"wp:term":[{"taxonomy":"category","embeddable":true,"href":"https:\/\/linitiative.ca\/International\/wp-json\/wp\/v2\/categories?post=38639"},{"taxonomy":"post_tag","embeddable":true,"href":"https:\/\/linitiative.ca\/International\/wp-json\/wp\/v2\/tags?post=38639"}],"curies":[{"name":"wp","href":"https:\/\/api.w.org\/{rel}","templated":true}]}}