{"id":38640,"date":"2019-06-04T10:41:46","date_gmt":"2019-06-04T14:41:46","guid":{"rendered":"https:\/\/linitiative.ca\/International\/guercif-saisie-de-48-800-comprimes-decstasy-et-trois-arrestations\/"},"modified":"2019-06-04T10:41:46","modified_gmt":"2019-06-04T14:41:46","slug":"guercif-saisie-de-48-800-comprimes-decstasy-et-trois-arrestations","status":"publish","type":"post","link":"https:\/\/linitiative.ca\/International\/guercif-saisie-de-48-800-comprimes-decstasy-et-trois-arrestations\/","title":{"rendered":"Guercif : Saisie de 48.800 comprim\u00e9s d\u2019ecstasy et trois arrestations"},"content":{"rendered":"<header>\n<\/header>\n<div class=\"entry-content clearfix\" readability=\"57\"><img decoding=\"async\" class=\"post_layout_5_img\" src=\"http:\/\/aujourdhui.ma\/wp-content\/uploads\/2019\/06\/drogue-ecstasy.jpg?x29840\" alt=\"Guercif : Saisie de 48.800 comprim\u00e9s d\u2019ecstasy et trois arrestations\"\/><\/p>\n<p class=\"p1\"><span class=\"c4\"><strong><span class=\"s1\">Dans le cadre des efforts inlassables d\u00e9ploy\u00e9s par les services de s\u00fbret\u00e9 pour lutter contre le trafic de drogue et de psychotropes et combattre ses effets n\u00e9gatifs sur la s\u00fbret\u00e9 et la sant\u00e9 publique, la brigade de la police judiciaire de Nador a proc\u00e9d\u00e9, sur la base d\u2019informations pr\u00e9cises fournies par les services de la Direction g\u00e9n\u00e9rale de la surveillance du territoire (DGST), \u00e0 la saisie de 48.800 comprim\u00e9s d\u2019ecstasy et \u00e0 l\u2019arrestation de trois personnes, dont un couple, membres pr\u00e9sum\u00e9s d\u2019un r\u00e9seau criminel de trafic de drogues.<\/span><\/strong><\/span><span id=\"more-312518\"\/><\/p>\n<p class=\"p1\"><span class=\"s1\">Cette op\u00e9ration qualitative s\u2019est d\u00e9roul\u00e9e samedi \u00e0 une heure tardive de la nuit \u00e0 proximit\u00e9 de la gare de p\u00e9age de l\u2019autoroute pr\u00e8s de Guercif, indique la Direction g\u00e9n\u00e9rale de la s\u00fbret\u00e9 nationale (DGSN) dans un communiqu\u00e9, ajoutant que l\u2019op\u00e9ration, men\u00e9e en coordination avec les services de la gendarmerie royale territorialement comp\u00e9tents, a permis la saisie de grandes quantit\u00e9s de drogue \u00e0 bord d\u2019un taxi en provenance de Tanger et en direction d\u2019une zone rurale relevant de la province de Driouch, dans les alentours de Nador. Poursuivant les investigations dans le cadre de cette affaire, des op\u00e9rations s\u00e9curitaires ont permis d\u2019appr\u00e9hender dimanche matin quatre autres suspects \u00e0 Ouled Ben Taieb, \u00e0 Driouch, dont un aux multiples ant\u00e9c\u00e9dents judiciaires, outre la saisie de dix v\u00e9hicules portant de fausses plaques d\u2019immatriculation, suspect\u00e9es d\u2019\u00eatre utilis\u00e9es dans le transport et le trafic de drogues et de comprim\u00e9s d\u2019ecstasy hallucinog\u00e8nes, ainsi qu\u2019une quantit\u00e9 de coca\u00efne et de kif, pr\u00e9cise la DGSN.<\/span><\/p>\n<\/div>\n<p>Auteur: ALM<br \/>\n<a href=\"http:\/\/aujourdhui.ma\/faits-divers\/guercif-saisie-de-48-800-comprimes-decstasy-et-trois-arrestations\">Cliquez ici pour lire l&rsquo;article depuis sa source.<\/a><\/p>\n","protected":false},"excerpt":{"rendered":"<p>Dans le cadre des efforts inlassables d\u00e9ploy\u00e9s par les services de s\u00fbret\u00e9 pour lutter contre le trafic de drogue et de psychotropes et combattre ses effets n\u00e9gatifs sur la s\u00fbret\u00e9 et la sant\u00e9 publique, la brigade de la police judiciaire de Nador a proc\u00e9d\u00e9, sur la base d\u2019informations pr\u00e9cises fournies par les services de la [&hellip;]<\/p>\n","protected":false},"author":1759,"featured_media":0,"comment_status":"closed","ping_status":"closed","sticky":false,"template":"","format":"standard","meta":{"fifu_image_url":"","fifu_image_alt":"","footnotes":""},"categories":[73,54],"tags":[],"class_list":["post-38640","post","type-post","status-publish","format-standard","hentry","category-actualite","category-maroc"],"_links":{"self":[{"href":"https:\/\/linitiative.ca\/International\/wp-json\/wp\/v2\/posts\/38640","targetHints":{"allow":["GET"]}}],"collection":[{"href":"https:\/\/linitiative.ca\/International\/wp-json\/wp\/v2\/posts"}],"about":[{"href":"https:\/\/linitiative.ca\/International\/wp-json\/wp\/v2\/types\/post"}],"author":[{"embeddable":true,"href":"https:\/\/linitiative.ca\/International\/wp-json\/wp\/v2\/users\/1759"}],"replies":[{"embeddable":true,"href":"https:\/\/linitiative.ca\/International\/wp-json\/wp\/v2\/comments?post=38640"}],"version-history":[{"count":0,"href":"https:\/\/linitiative.ca\/International\/wp-json\/wp\/v2\/posts\/38640\/revisions"}],"wp:attachment":[{"href":"https:\/\/linitiative.ca\/International\/wp-json\/wp\/v2\/media?parent=38640"}],"wp:term":[{"taxonomy":"category","embeddable":true,"href":"https:\/\/linitiative.ca\/International\/wp-json\/wp\/v2\/categories?post=38640"},{"taxonomy":"post_tag","embeddable":true,"href":"https:\/\/linitiative.ca\/International\/wp-json\/wp\/v2\/tags?post=38640"}],"curies":[{"name":"wp","href":"https:\/\/api.w.org\/{rel}","templated":true}]}}