{"id":38644,"date":"2019-06-04T05:46:15","date_gmt":"2019-06-04T09:46:15","guid":{"rendered":"https:\/\/linitiative.ca\/International\/programme-du-transport-a-loccasion-de-aid-el-fitr\/"},"modified":"2019-06-04T05:46:15","modified_gmt":"2019-06-04T09:46:15","slug":"programme-du-transport-a-loccasion-de-aid-el-fitr","status":"publish","type":"post","link":"https:\/\/linitiative.ca\/International\/programme-du-transport-a-loccasion-de-aid-el-fitr\/","title":{"rendered":"Programme du transport \u00e0 l\u2019occasion de Aid El Fitr"},"content":{"rendered":"<p>Le minist\u00e8re du Transport a pr\u00e9vu un programme de transport des citoyens pour la p\u00e9riode allant du 31 mai au 11 juin 2019, \u00e0 l\u2019occasion des f\u00eates de Aid El Fitr.<\/p>\n<p>Le d\u00e9partement indique dans un communiqu\u00e9, publi\u00e9 lundi, que la Soci\u00e9t\u00e9 nationale du transpot interurbain (SNTRI) et les soci\u00e9t\u00e9s r\u00e9gionales du transport pr\u00e9voient ce qui suit :\u00a0<\/p>\n<p>l\u2019autorisation aux soci\u00e9t\u00e9s publiques d\u2019effectuer des dessertes additionnelles sur toutes leurs lignes et d\u2019autres lignes, selon la demande. Ainsi, la SNTRI assurera 6595 dessertes r\u00e9guli\u00e8res et 2664 dessertes additionnelles , soit une hausse de 40% par rapport \u00e0 la demande ordinaire, soit une offre de 463 000 si\u00e8ges.\u00a0<\/p>\n<p>La SNCFT assurera 305 voyages r\u00e9guliers et 25 autres additionnels, soit une offre d\u2019environ 103 66 si\u00e8ges.<\/p>\n<p><em><strong>Offre additionnelle :<\/strong><\/em><\/p>\n<p>Le dimanche 2, le lundi 3 et le mardi 4juin la soci\u00e9t\u00e9 r\u00e9gionale du transport de Bizerte effectuera l\u2019ensemble des dessertes sur la ligne Tunis-Tabarka.\u00a0<\/p>\n<p><em>-La soci\u00e9t\u00e9 r\u00e9gionale du transport de Beja assurera tous les voyages sur les lignes Tunis-Testour, Tunis-T\u00e9boursouk, Tunis-Beja et Tunis-Tibar\u00a0<br \/>-La soci\u00e9t\u00e9 r\u00e9gionale du transport de Jendouba assurera tous les voyages sur la ligne Tunis-Jendouba<br \/>-La soci\u00e9t\u00e9 r\u00e9gionale du transport de Nabeul assurera tous les voyages su les lignes Tunis-Bouarada, Tunis-Siliana, Tunis-Makthar, Tunis-Sbiba,Tunis-Rouhia, Tunis-Gaafour\u00a0<br \/>-La soci\u00e9t\u00e9 r\u00e9gionale du transport de Kairouan desservira les lignes Tunis-Kairouan, Tunis-El Ala et Tunis Oueslatia.\u00a0<\/em><\/p>\n<p>Par ailleurs, lit-on dans le communiqu\u00e9, pas moins de 30 bus relevant de la soci\u00e9t\u00e9 r\u00e9gionale du transport de Bizerte et celle de Nabeul ont \u00e9t\u00e9 mobilis\u00e9s en tant que parc de r\u00e9serve. La TRANSTU a \u00e9galement \u00e9t\u00e9 appel\u00e9e \u00e0 pr\u00e9voir un tel parc, en cas de manque au niveau de l\u2019offre.<\/p>\n<p><em><strong>Les louages:<\/strong><\/em><\/p>\n<p>Ils sont autoris\u00e9s \u00e0 transporter les voyageurs sur l\u2019ensemble du territoire de la R\u00e9publique sans s\u2019en tenir \u00e0 leur ligne habituelle autoris\u00e9e, sachant que ces voitures offrent au total pr\u00e8s de 80 mille places.\u00a0<\/p>\n<p>Au plan organisationnel, pr\u00e8s de 200 agents et cadres du transport terrestre relevant de la direction r\u00e9gionale du transport terrestre et des administrations r\u00e9gionales du transport ont \u00e9t\u00e9 d\u00e9sign\u00e9s pour assurer le contr\u00f4le et le suivi du programme au niveau des stations du transport terrestre et celles des voies ferr\u00e9es ainsi que les louages sur l \u00bbensemble du territoire de la R\u00e9publique.\u00a0<\/p>\n<p>Il a \u00e9galement \u00e9t\u00e9 d\u00e9cid\u00e9 de cr\u00e9er un bureau de coordination \u00e0 la direction g\u00e9n\u00e9rale du transport et des administrations r\u00e9gionales du transport afin de contr\u00f4ler la campagne et d\u2019intervenir en cas de besoin et ce au cours de la p\u00e9riode s\u2019\u00e9talant du 31 mai 2019 au 11 juin 2019. Enfin un appel a \u00e9t\u00e9 lanc\u00e9 au minist\u00e8re de l\u2019Int\u00e9rieur pour le renforcement de la s\u00e9curit\u00e9 au niveau des stations du transport terrestre.<a href=\"https:\/\/www.mosaiquefm.net\/fr\/print\/555966\/le-programme-du-transport-a-l-occasion-de-l-aid-el-fitr\"\/><\/p>\n<p class=\"dpsp-share-text\">Partager c&rsquo;est aimer!<\/p>\n<div class=\"wp-post-author-wrap wp-post-author-shortcode left\">\n<h3 class=\"awpa-title\"\/>\n<div class=\"wp-post-author\">\n<div class=\"awpa-img awpa-author-block square\"><a href=\"http:\/\/lexpertjournal.net\/fr\/author\/expert\/\"><img loading=\"lazy\" decoding=\"async\" alt=\"\" src=\"http:\/\/2.gravatar.com\/avatar\/56d99be2a6f97af88ccb49fada637fcd?s=150&#038;d=mm&#038;r=g\" srcset=\"http:\/\/2.gravatar.com\/avatar\/56d99be2a6f97af88ccb49fada637fcd?s=300&#038;d=mm&#038;r=g 2x\" class=\"avatar avatar-150 photo\" height=\"150\" width=\"150\"\/><\/a><\/div>\n<\/div>\n<\/div>\n<p>Auteur: L&rsquo;expert<br \/>\n<a href=\"http:\/\/lexpertjournal.net\/fr\/2019\/06\/04\/programme-du-transport-a-loccasion-de-aid-el-fitr\/\">Cliquez ici pour lire l&rsquo;article depuis sa source.<\/a><\/p>\n","protected":false},"excerpt":{"rendered":"<p>Le minist\u00e8re du Transport a pr\u00e9vu un programme de transport des citoyens pour la p\u00e9riode allant du 31 mai au 11 juin 2019, \u00e0 l\u2019occasion des f\u00eates de Aid El Fitr. Le d\u00e9partement indique dans un communiqu\u00e9, publi\u00e9 lundi, que la Soci\u00e9t\u00e9 nationale du transpot interurbain (SNTRI) et les soci\u00e9t\u00e9s r\u00e9gionales du transport pr\u00e9voient ce [&hellip;]<\/p>\n","protected":false},"author":1775,"featured_media":0,"comment_status":"closed","ping_status":"closed","sticky":false,"template":"","format":"standard","meta":{"fifu_image_url":"","fifu_image_alt":"","footnotes":""},"categories":[78,55],"tags":[],"class_list":["post-38644","post","type-post","status-publish","format-standard","hentry","category-economie","category-tunisie"],"_links":{"self":[{"href":"https:\/\/linitiative.ca\/International\/wp-json\/wp\/v2\/posts\/38644","targetHints":{"allow":["GET"]}}],"collection":[{"href":"https:\/\/linitiative.ca\/International\/wp-json\/wp\/v2\/posts"}],"about":[{"href":"https:\/\/linitiative.ca\/International\/wp-json\/wp\/v2\/types\/post"}],"author":[{"embeddable":true,"href":"https:\/\/linitiative.ca\/International\/wp-json\/wp\/v2\/users\/1775"}],"replies":[{"embeddable":true,"href":"https:\/\/linitiative.ca\/International\/wp-json\/wp\/v2\/comments?post=38644"}],"version-history":[{"count":0,"href":"https:\/\/linitiative.ca\/International\/wp-json\/wp\/v2\/posts\/38644\/revisions"}],"wp:attachment":[{"href":"https:\/\/linitiative.ca\/International\/wp-json\/wp\/v2\/media?parent=38644"}],"wp:term":[{"taxonomy":"category","embeddable":true,"href":"https:\/\/linitiative.ca\/International\/wp-json\/wp\/v2\/categories?post=38644"},{"taxonomy":"post_tag","embeddable":true,"href":"https:\/\/linitiative.ca\/International\/wp-json\/wp\/v2\/tags?post=38644"}],"curies":[{"name":"wp","href":"https:\/\/api.w.org\/{rel}","templated":true}]}}