{"id":38648,"date":"2019-06-04T09:45:53","date_gmt":"2019-06-04T13:45:53","guid":{"rendered":"https:\/\/linitiative.ca\/International\/lancement-de-loperation-child-to-child-pour-2019\/"},"modified":"2019-06-04T09:45:53","modified_gmt":"2019-06-04T13:45:53","slug":"lancement-de-loperation-child-to-child-pour-2019","status":"publish","type":"post","link":"https:\/\/linitiative.ca\/International\/lancement-de-loperation-child-to-child-pour-2019\/","title":{"rendered":"Lancement de l\u2019op\u00e9ration \u00ab\u00a0child to child\u00a0\u00bb pour 2019"},"content":{"rendered":"<div class=\"single-featured\"><img alt=\"\" data-src=\"http:\/\/www.mapmarrakech.ma\/map\/uploads\/2019\/06\/enfants-copier-1.jpg\"\/><\/div>\n<div class=\"single-post-excerpt post-excerpt-bc\" readability=\"38\">\n<p>El Youssoufia \u2013 L\u2019op\u00e9ration \u00ab\u00a0child to child\u00a0\u00bb (de l\u2019enfant \u00e0 l\u2019enfant) au titre de l\u2019ann\u00e9e scolaire en cours, a \u00e9t\u00e9 lanc\u00e9e r\u00e9cemment, au niveau de l\u2019Acad\u00e9mie r\u00e9gionale de l\u2019Education et de la Formation de Marrakech-Safi, au coll\u00e8ge \u00ab\u00a0Achorouq\u00a0\u00bb dans la ville d\u2019El Youssoufia.<\/p>\n<\/div>\n<div class=\"entry-content clearfix single-post-content\" readability=\"64\">\n<p>Lors d\u2019une rencontre d\u00e9di\u00e9e au lancement de cette campagne visant la lutte contre la d\u00e9perdition scolaire, l\u2019accent a \u00e9t\u00e9 mis sur les objectifs et les finalit\u00e9s de cette op\u00e9ration et les efforts men\u00e9s en vue de sa cons\u00e9cration parmi les strat\u00e9gies nationales pour la promotion de l\u2019enseignement, en tant qu\u2019axe essentiel de travail dans tous les programmes du minist\u00e8re de tutelle sur le plan national.<\/p>\n<p>Selon un communiqu\u00e9 de la direction provinciale de l\u2019\u00e9ducation d\u2019El Youssoufia, la mise en \u0153uvre de cette op\u00e9ration au niveau de l\u2019AREF de Marrakech-Safi s\u2019inscrit dans le cadre d\u2019un programme auquel adh\u00e8rent les diff\u00e9rentes directions r\u00e9gionales, et qui vise \u00e0 redonner une nouvelle chance aux enfants ayant abandonn\u00e9 les \u00e9tudes et \u00e0 ceux non scolaris\u00e9s, \u00e0 travers un recensement men\u00e9 par des enfants scolaris\u00e9s de leurs pairs qui sont en dehors du syst\u00e8me \u00e9ducatif et de ceux victimes de la d\u00e9perdition scolaire.<\/p>\n<p>Cette rencontre a permis aux directions provinciales d\u2019El Youssoufia et de Chichaoua de faire la lumi\u00e8re sur les efforts consentis et les r\u00e9sultats accomplis durant l\u2019ann\u00e9e scolaire \u00e9coul\u00e9e, outre les mesures prises pour la conception de cette op\u00e9ration et sa mise en oeuvre en attendant ses r\u00e9sultats au cours de l\u2019ann\u00e9e scolaire actuelle.<\/p>\n<p>La r\u00e9union a \u00e9t\u00e9 marqu\u00e9e par la projection de s\u00e9quences vid\u00e9os et la pr\u00e9sentation d\u2019un t\u00e9moignage vivant d\u2019une brillante \u00e9l\u00e8ve choisie pour repr\u00e9senter son \u00e9tablissement scolaire au sein du conseil provincial des \u00e9l\u00e8ves, et qui a retrouv\u00e9 les bancs de l\u2019\u00e9cole gr\u00e2ce \u00e0 l\u2019op\u00e9ration \u00ab\u00a0de l\u2019enfant \u00e0 l\u2019enfant\u00a0\u00bb durant la pr\u00e9c\u00e9dente ann\u00e9e scolaire.<\/p>\n<p>Organis\u00e9e en partenariat avec l\u2019UNICEF et le Canada, cette op\u00e9ration qui repose sur l\u2019association des enfants aux efforts de r\u00e9cup\u00e9ration des enfants non scolaris\u00e9s en mettant \u00e0 profit l\u2019\u00e2ge rapproch\u00e9 et l\u2019\u00e9ducation par les pairs, pr\u00e9voit \u00e9galement une enqu\u00eate sur le terrain en coordination avec les cellules de veille au sein des \u00e9tablissements scolaires et des autorit\u00e9s locales.<\/p>\n<\/div>\n<p>Auteur: Meriem IGASS<br \/>\n<a href=\"http:\/\/www.mapmarrakech.ma\/fr\/lancement-de-loperation-child-to-child-au-titre-de-lannee-2019\/\">Cliquez ici pour lire l&rsquo;article depuis sa source.<\/a><\/p>\n","protected":false},"excerpt":{"rendered":"<p>El Youssoufia \u2013 L\u2019op\u00e9ration \u00ab\u00a0child to child\u00a0\u00bb (de l\u2019enfant \u00e0 l\u2019enfant) au titre de l\u2019ann\u00e9e scolaire en cours, a \u00e9t\u00e9 lanc\u00e9e r\u00e9cemment, au niveau de l\u2019Acad\u00e9mie r\u00e9gionale de l\u2019Education et de la Formation de Marrakech-Safi, au coll\u00e8ge \u00ab\u00a0Achorouq\u00a0\u00bb dans la ville d\u2019El Youssoufia. Lors d\u2019une rencontre d\u00e9di\u00e9e au lancement de cette campagne visant la lutte [&hellip;]<\/p>\n","protected":false},"author":1788,"featured_media":38649,"comment_status":"closed","ping_status":"closed","sticky":false,"template":"","format":"standard","meta":{"fifu_image_url":"","fifu_image_alt":"","footnotes":""},"categories":[54,76],"tags":[],"class_list":["post-38648","post","type-post","status-publish","format-standard","has-post-thumbnail","hentry","category-maroc","category-regions"],"_links":{"self":[{"href":"https:\/\/linitiative.ca\/International\/wp-json\/wp\/v2\/posts\/38648","targetHints":{"allow":["GET"]}}],"collection":[{"href":"https:\/\/linitiative.ca\/International\/wp-json\/wp\/v2\/posts"}],"about":[{"href":"https:\/\/linitiative.ca\/International\/wp-json\/wp\/v2\/types\/post"}],"author":[{"embeddable":true,"href":"https:\/\/linitiative.ca\/International\/wp-json\/wp\/v2\/users\/1788"}],"replies":[{"embeddable":true,"href":"https:\/\/linitiative.ca\/International\/wp-json\/wp\/v2\/comments?post=38648"}],"version-history":[{"count":0,"href":"https:\/\/linitiative.ca\/International\/wp-json\/wp\/v2\/posts\/38648\/revisions"}],"wp:featuredmedia":[{"embeddable":true,"href":"https:\/\/linitiative.ca\/International\/wp-json\/"}],"wp:attachment":[{"href":"https:\/\/linitiative.ca\/International\/wp-json\/wp\/v2\/media?parent=38648"}],"wp:term":[{"taxonomy":"category","embeddable":true,"href":"https:\/\/linitiative.ca\/International\/wp-json\/wp\/v2\/categories?post=38648"},{"taxonomy":"post_tag","embeddable":true,"href":"https:\/\/linitiative.ca\/International\/wp-json\/wp\/v2\/tags?post=38648"}],"curies":[{"name":"wp","href":"https:\/\/api.w.org\/{rel}","templated":true}]}}