{"id":38650,"date":"2019-06-04T11:26:12","date_gmt":"2019-06-04T15:26:12","guid":{"rendered":"https:\/\/linitiative.ca\/International\/oran-environ-18-000-repas-servis-par-le-cra-durant-le-mois-de-ramadhan\/"},"modified":"2019-06-04T11:26:12","modified_gmt":"2019-06-04T15:26:12","slug":"oran-environ-18-000-repas-servis-par-le-cra-durant-le-mois-de-ramadhan","status":"publish","type":"post","link":"https:\/\/linitiative.ca\/International\/oran-environ-18-000-repas-servis-par-le-cra-durant-le-mois-de-ramadhan\/","title":{"rendered":"Oran : Environ 18.000 repas servis par le CRA durant le mois de Ramadhan"},"content":{"rendered":"<div>\n<div class=\"K2FeedImage\"><img decoding=\"async\" src=\"http:\/\/www.aps.dz\/media\/k2\/items\/cache\/ee3ea4b0e3e869d365663f901f3e1341_S.jpg\" alt=\"Oran : Environ 18.000 repas servis par le CRA durant le mois de Ramadhan\"><\/div>\n<div class=\"K2FeedIntroText\">\n<p><strong>ORAN &#8211; Quelque 18.000 repas chauds ont \u00e9t\u00e9 servis durant le mois du ramadhan dans les restaurants chapeaut\u00e9s par le bureau d&rsquo;Oran du Croissant rouge alg\u00e9rien (CRA), a-t-on appris de son pr\u00e9sident.<\/strong><\/p>\n<\/div>\n<div class=\"K2FeedFullText\">\n<p>\u00ab\u00a0L\u2019op\u00e9ration s\u2019est d\u00e9roul\u00e9e dans de tr\u00e8s bonnes conditions durant tout le mois sacr\u00e9 gr\u00e2ce \u00e0 la forte implication des bienfaiteurs et \u00e0 la grande mobilisation des b\u00e9n\u00e9voles\u00a0\u00bb, a soulign\u00e9 Larbi Benmoussa \u00e0 l\u2019APS.<\/p>\n<p>Le bureau du croissant rouge a ouvert quatre restaurants durant le mois de Ramadhan dans la wilaya, ceux de la m\u00e9diath\u00e8que communale, au centre-ville d\u2019Oran, du quartier de Gambetta, d\u2019A\u00efn El T\u00fcrck et d\u2019Oued Tl\u00e9lat.<\/p>\n<p>\u00ab\u00a0Nous servions jusqu\u2019\u00e0 600 repas par jour dans nos restaurants, des repas chauds et complets aux voyageurs, aux sans domicile fixe, aux familles d\u00e9munies et aux r\u00e9fugi\u00e9s \u00e9trangers pr\u00e9sents sur le sol de la wilaya\u00a0\u00bb, a t-il ajout\u00e9.<\/p>\n<p>Le CRA a mobilis\u00e9 des cuisiniers et plus d\u2019une centaine de jeunes dont des secouristes et des b\u00e9n\u00e9voles pour les besoins de cette op\u00e9ration de solidarit\u00e9.<\/p>\n<p>Pour l\u2019Aid El Fitr, le m\u00eame responsable a soulign\u00e9 que plus de 40 enfants issus de familles n\u00e9cessiteuses ont b\u00e9n\u00e9fici\u00e9 d\u2019un trousseau complet de v\u00eatements pour la c\u00e9l\u00e9bration de cette f\u00eate religieuse gr\u00e2ce aux dons des bienfaiteurs.<\/p>\n<\/div>\n<\/div>\n<p>Auteur:<br \/>\n<a href=\"http:\/\/www.aps.dz\/regions\/90250-oran-environ-18-000-repas-servis-par-le-cra-durant-le-mois-de-ramadhan\">Cliquez ici pour lire l&rsquo;article depuis sa source.<\/a><\/p>\n","protected":false},"excerpt":{"rendered":"<p>ORAN &#8211; Quelque 18.000 repas chauds ont \u00e9t\u00e9 servis durant le mois du ramadhan dans les restaurants chapeaut\u00e9s par le bureau d&rsquo;Oran du Croissant rouge alg\u00e9rien (CRA), a-t-on appris de son pr\u00e9sident. \u00ab\u00a0L\u2019op\u00e9ration s\u2019est d\u00e9roul\u00e9e dans de tr\u00e8s bonnes conditions durant tout le mois sacr\u00e9 gr\u00e2ce \u00e0 la forte implication des bienfaiteurs et \u00e0 la [&hellip;]<\/p>\n","protected":false},"author":1790,"featured_media":38651,"comment_status":"closed","ping_status":"closed","sticky":false,"template":"","format":"standard","meta":{"fifu_image_url":"","fifu_image_alt":"","footnotes":""},"categories":[53,76],"tags":[],"class_list":["post-38650","post","type-post","status-publish","format-standard","has-post-thumbnail","hentry","category-algerie","category-regions"],"_links":{"self":[{"href":"https:\/\/linitiative.ca\/International\/wp-json\/wp\/v2\/posts\/38650","targetHints":{"allow":["GET"]}}],"collection":[{"href":"https:\/\/linitiative.ca\/International\/wp-json\/wp\/v2\/posts"}],"about":[{"href":"https:\/\/linitiative.ca\/International\/wp-json\/wp\/v2\/types\/post"}],"author":[{"embeddable":true,"href":"https:\/\/linitiative.ca\/International\/wp-json\/wp\/v2\/users\/1790"}],"replies":[{"embeddable":true,"href":"https:\/\/linitiative.ca\/International\/wp-json\/wp\/v2\/comments?post=38650"}],"version-history":[{"count":0,"href":"https:\/\/linitiative.ca\/International\/wp-json\/wp\/v2\/posts\/38650\/revisions"}],"wp:featuredmedia":[{"embeddable":true,"href":"https:\/\/linitiative.ca\/International\/wp-json\/"}],"wp:attachment":[{"href":"https:\/\/linitiative.ca\/International\/wp-json\/wp\/v2\/media?parent=38650"}],"wp:term":[{"taxonomy":"category","embeddable":true,"href":"https:\/\/linitiative.ca\/International\/wp-json\/wp\/v2\/categories?post=38650"},{"taxonomy":"post_tag","embeddable":true,"href":"https:\/\/linitiative.ca\/International\/wp-json\/wp\/v2\/tags?post=38650"}],"curies":[{"name":"wp","href":"https:\/\/api.w.org\/{rel}","templated":true}]}}