{"id":38652,"date":"2019-06-04T11:42:29","date_gmt":"2019-06-04T15:42:29","guid":{"rendered":"https:\/\/linitiative.ca\/International\/production-de-plus-de-23-millions-qx-de-cereales-prevue-a-sidi-bel-abbes\/"},"modified":"2019-06-04T11:42:29","modified_gmt":"2019-06-04T15:42:29","slug":"production-de-plus-de-23-millions-qx-de-cereales-prevue-a-sidi-bel-abbes","status":"publish","type":"post","link":"https:\/\/linitiative.ca\/International\/production-de-plus-de-23-millions-qx-de-cereales-prevue-a-sidi-bel-abbes\/","title":{"rendered":"Production de plus de 2,3 millions qx de c\u00e9r\u00e9ales pr\u00e9vue \u00e0 Sidi Bel-Abbes"},"content":{"rendered":"<div>\n<div class=\"K2FeedImage\"><img decoding=\"async\" src=\"http:\/\/www.aps.dz\/media\/k2\/items\/cache\/d67b016916022c90524a6654e9c20cc6_S.jpg\" alt=\"Production de plus de 2,3 millions qx de c\u00e9r\u00e9ales pr\u00e9vue \u00e0 Sidi Bel-Abbes\"><\/div>\n<div class=\"K2FeedIntroText\">\n<p><strong>SIDI BEL-ABBES &#8211; Une production de plus de 2,3 millions de quintaux de diff\u00e9rentes vari\u00e9t\u00e9s de c\u00e9r\u00e9ales est pr\u00e9vue dans la wilaya de Sidi Bel Abb\u00e8s lors de la campagne moisson-battage lanc\u00e9e \u00e0 la derni\u00e8re semaine du ramadhan, a-t-on appris du directeur des services agricoles, Mohamed Benabderrahmane.<\/strong><\/p>\n<\/div>\n<div class=\"K2FeedFullText\">\n<p>La campagne moisson-battage, lanc\u00e9e timidement \u00e0 travers les dairas de Sidi Bel-Abb\u00e8s et Sfisef, verra un rythme plus acc\u00e9l\u00e9r\u00e9 apr\u00e8s l\u2019Aid El\u00a0 Fitr.<\/p>\n<p>Toutes les mesures n\u00e9cessaires organisationnelles et techniques ont \u00e9t\u00e9 prises de m\u00eame que les moyens mat\u00e9riels et financiers pour assurer une mobilisation optimale de tous les intervenants sur le terrain, en tenant compte des probl\u00e8mes et des obstacles rencontr\u00e9s lors des campagnes pr\u00e9c\u00e9dentes et en recherchant des solutions pour le succ\u00e8s de la campagne moisson-battage actuelle.<\/p>\n<p>Des r\u00e9unions p\u00e9riodiques sont tenues pour le suivi et l&rsquo;\u00e9valuation de la campagne moisson-battage, a-t-on indiqu\u00e9 signalant l\u2019installation d\u2019une commission de wilaya du suivi de la campagne mobilisant des moyens humains et mat\u00e9riels importants pour son succ\u00e8s.<\/p>\n<p>Plus de 352 moissonneuses batteuses sont mobilis\u00e9s \u00e0 travers les surfaces emblav\u00e9es de plus de 192.000 hectares.<\/p>\n<p>Pour le stockage des r\u00e9coltes, la capacit\u00e9 globale des quatre coop\u00e9ratives de c\u00e9r\u00e9ales et l\u00e9gumes secs CCLS de la wilaya \u00e0 l\u2019instar de Sidi Bel-Abb\u00e8s, Telagh, Lamtar et Mustapha Benbrahim d\u00e9passe les 1,8 million qx et il est pr\u00e9vu la collecte de 1,3 million qx au niveau de ces CCLS.<\/p>\n<\/div>\n<\/div>\n<p>Auteur:<br \/>\n<a href=\"http:\/\/www.aps.dz\/regions\/90251-production-de-plus-de-2-3-millions-qx-de-cereales-prevue-a-sidi-bel-abbes\">Cliquez ici pour lire l&rsquo;article depuis sa source.<\/a><\/p>\n","protected":false},"excerpt":{"rendered":"<p>SIDI BEL-ABBES &#8211; Une production de plus de 2,3 millions de quintaux de diff\u00e9rentes vari\u00e9t\u00e9s de c\u00e9r\u00e9ales est pr\u00e9vue dans la wilaya de Sidi Bel Abb\u00e8s lors de la campagne moisson-battage lanc\u00e9e \u00e0 la derni\u00e8re semaine du ramadhan, a-t-on appris du directeur des services agricoles, Mohamed Benabderrahmane. La campagne moisson-battage, lanc\u00e9e timidement \u00e0 travers les [&hellip;]<\/p>\n","protected":false},"author":1790,"featured_media":38653,"comment_status":"closed","ping_status":"closed","sticky":false,"template":"","format":"standard","meta":{"fifu_image_url":"","fifu_image_alt":"","footnotes":""},"categories":[53,76],"tags":[],"class_list":["post-38652","post","type-post","status-publish","format-standard","has-post-thumbnail","hentry","category-algerie","category-regions"],"_links":{"self":[{"href":"https:\/\/linitiative.ca\/International\/wp-json\/wp\/v2\/posts\/38652","targetHints":{"allow":["GET"]}}],"collection":[{"href":"https:\/\/linitiative.ca\/International\/wp-json\/wp\/v2\/posts"}],"about":[{"href":"https:\/\/linitiative.ca\/International\/wp-json\/wp\/v2\/types\/post"}],"author":[{"embeddable":true,"href":"https:\/\/linitiative.ca\/International\/wp-json\/wp\/v2\/users\/1790"}],"replies":[{"embeddable":true,"href":"https:\/\/linitiative.ca\/International\/wp-json\/wp\/v2\/comments?post=38652"}],"version-history":[{"count":0,"href":"https:\/\/linitiative.ca\/International\/wp-json\/wp\/v2\/posts\/38652\/revisions"}],"wp:featuredmedia":[{"embeddable":true,"href":"https:\/\/linitiative.ca\/International\/wp-json\/"}],"wp:attachment":[{"href":"https:\/\/linitiative.ca\/International\/wp-json\/wp\/v2\/media?parent=38652"}],"wp:term":[{"taxonomy":"category","embeddable":true,"href":"https:\/\/linitiative.ca\/International\/wp-json\/wp\/v2\/categories?post=38652"},{"taxonomy":"post_tag","embeddable":true,"href":"https:\/\/linitiative.ca\/International\/wp-json\/wp\/v2\/tags?post=38652"}],"curies":[{"name":"wp","href":"https:\/\/api.w.org\/{rel}","templated":true}]}}