{"id":38656,"date":"2019-06-04T15:13:56","date_gmt":"2019-06-04T19:13:56","guid":{"rendered":"https:\/\/linitiative.ca\/International\/international-mohamed-fares-dans-le-viseur-de-deux-grands-clubs-italiens\/"},"modified":"2019-06-04T15:13:56","modified_gmt":"2019-06-04T19:13:56","slug":"international-mohamed-fares-dans-le-viseur-de-deux-grands-clubs-italiens","status":"publish","type":"post","link":"https:\/\/linitiative.ca\/International\/international-mohamed-fares-dans-le-viseur-de-deux-grands-clubs-italiens\/","title":{"rendered":"International : Mohamed Far\u00e8s dans le viseur de deux grands clubs italiens"},"content":{"rendered":"<div readability=\"32\">\n<p>Auteur : <span class=\"time\">lundi 03 juin 2019 21:37<\/span><\/p>\n<\/div>\n<div id=\"post_core\" readability=\"40\">\n<p>En effet, l&rsquo;international alg\u00e9rien est cit\u00e9 dans la presse italienne comme \u00e9tant dans le viseur de deux grands clubs italiens \u00e0 savoir la Lazio et le Napoli.<\/p>\n<p>Du c\u00f4t\u00e9 de la Lazio notamment, l&rsquo;entraineur Simone Inzaghi ferait pression sur ses dirigeants afin de recruter Far\u00e8s lors du mercato estival.<\/p>\n<p>Rappelons que le d\u00e9fenseur de 23 ans a inscrit 3 buts avec Spal lors de cette saison 2018-2019.<\/p>\n<p><strong>Publi\u00e9 dans :<\/strong> <span>Fares<\/span><\/p>\n<\/div>\n<p>Auteur:<br \/>\n<a href=\"http:\/\/www.lebuteur.com\/article\/detail?titre=mohamed-fares-dans-le-viseur-de-deux-grands-clubs-italiens&#038;id=89323&#038;utm_source=feedburner&#038;utm_medium=feed&#038;utm_campaign=Feed%3A+GalerieFArtciles+%28Les+derniers+articles++-+lebuteur.com%29\">Cliquez ici pour lire l&rsquo;article depuis sa source.<\/a><\/p>\n","protected":false},"excerpt":{"rendered":"<p>Auteur : lundi 03 juin 2019 21:37 En effet, l&rsquo;international alg\u00e9rien est cit\u00e9 dans la presse italienne comme \u00e9tant dans le viseur de deux grands clubs italiens \u00e0 savoir la Lazio et le Napoli. Du c\u00f4t\u00e9 de la Lazio notamment, l&rsquo;entraineur Simone Inzaghi ferait pression sur ses dirigeants afin de recruter Far\u00e8s lors du mercato [&hellip;]<\/p>\n","protected":false},"author":1738,"featured_media":38657,"comment_status":"closed","ping_status":"closed","sticky":false,"template":"","format":"standard","meta":{"fifu_image_url":"","fifu_image_alt":"","footnotes":""},"categories":[53,75],"tags":[],"class_list":["post-38656","post","type-post","status-publish","format-standard","has-post-thumbnail","hentry","category-algerie","category-sport"],"_links":{"self":[{"href":"https:\/\/linitiative.ca\/International\/wp-json\/wp\/v2\/posts\/38656","targetHints":{"allow":["GET"]}}],"collection":[{"href":"https:\/\/linitiative.ca\/International\/wp-json\/wp\/v2\/posts"}],"about":[{"href":"https:\/\/linitiative.ca\/International\/wp-json\/wp\/v2\/types\/post"}],"author":[{"embeddable":true,"href":"https:\/\/linitiative.ca\/International\/wp-json\/wp\/v2\/users\/1738"}],"replies":[{"embeddable":true,"href":"https:\/\/linitiative.ca\/International\/wp-json\/wp\/v2\/comments?post=38656"}],"version-history":[{"count":0,"href":"https:\/\/linitiative.ca\/International\/wp-json\/wp\/v2\/posts\/38656\/revisions"}],"wp:featuredmedia":[{"embeddable":true,"href":"https:\/\/linitiative.ca\/International\/wp-json\/"}],"wp:attachment":[{"href":"https:\/\/linitiative.ca\/International\/wp-json\/wp\/v2\/media?parent=38656"}],"wp:term":[{"taxonomy":"category","embeddable":true,"href":"https:\/\/linitiative.ca\/International\/wp-json\/wp\/v2\/categories?post=38656"},{"taxonomy":"post_tag","embeddable":true,"href":"https:\/\/linitiative.ca\/International\/wp-json\/wp\/v2\/tags?post=38656"}],"curies":[{"name":"wp","href":"https:\/\/api.w.org\/{rel}","templated":true}]}}