{"id":38659,"date":"2019-06-04T15:13:59","date_gmt":"2019-06-04T19:13:59","guid":{"rendered":"https:\/\/linitiative.ca\/International\/pros-belfodil-donne-de-ses-nouvelles-et-envoie-un-message-aux-verts\/"},"modified":"2019-06-04T15:13:59","modified_gmt":"2019-06-04T19:13:59","slug":"pros-belfodil-donne-de-ses-nouvelles-et-envoie-un-message-aux-verts","status":"publish","type":"post","link":"https:\/\/linitiative.ca\/International\/pros-belfodil-donne-de-ses-nouvelles-et-envoie-un-message-aux-verts\/","title":{"rendered":"Pros : Belfodil donne de ses nouvelles et envoie un message aux Verts"},"content":{"rendered":"<div readability=\"32\">\n<p>Auteur : <span class=\"time\">mardi 04 juin 2019 09:10<\/span><\/p>\n<\/div>\n<div id=\"post_core\" readability=\"40.9034369885\">\n<p>L&rsquo;attaquant alg\u00e9rien, qui sort d&rsquo;une grosse saison avec Hoffenheim, a expliqu\u00e9 sur son compte Instagram qu&rsquo;une blessure au niveau du genou est ce qui l&#8217;emp\u00eache de participer \u00e0 la CAN 2019. Il a ainsi d\u00e9clar\u00e9 :<\/p>\n<p><em>\u00ab\u00a0Suite \u00e0 une blessure subie au genou lors du dernier match de la saison, ma participation \u00e0 la CAN est malheureusement impossible. Je souhaite le meilleur \u00e0 mes fr\u00e8re dz pour ce tournoi inchallah. Les entra\u00eenements et soins ont d\u00e9j\u00e0 commenc\u00e9 pour moi depuis 2 semaines afin d\u2019\u00eatre \u00e0 100% pour la reprise inchallah\u00a0\u00bb.<\/em><\/p>\n<p><strong><a href=\"https:\/\/www.instagram.com\/p\/ByQcNwwIvdK\/?utm_source=ig_web_options_share_sheet\"><span class=\"c1\">[Lien] Le message de Belfodil sur Instagram<\/span><\/a><\/strong><\/p>\n<p><strong>Publi\u00e9 dans :<\/strong> <span>belfodil<\/span><\/p>\n<\/div>\n<p>Auteur:<br \/>\n<a href=\"http:\/\/www.lebuteur.com\/article\/detail?titre=belfodil-donne-de-ses-nouvelles-et-envoie-un-message-aux-verts&#038;id=89332&#038;utm_source=feedburner&#038;utm_medium=feed&#038;utm_campaign=Feed%3A+GalerieFArtciles+%28Les+derniers+articles++-+lebuteur.com%29\">Cliquez ici pour lire l&rsquo;article depuis sa source.<\/a><\/p>\n","protected":false},"excerpt":{"rendered":"<p>Auteur : mardi 04 juin 2019 09:10 L&rsquo;attaquant alg\u00e9rien, qui sort d&rsquo;une grosse saison avec Hoffenheim, a expliqu\u00e9 sur son compte Instagram qu&rsquo;une blessure au niveau du genou est ce qui l&#8217;emp\u00eache de participer \u00e0 la CAN 2019. Il a ainsi d\u00e9clar\u00e9 : \u00ab\u00a0Suite \u00e0 une blessure subie au genou lors du dernier match de [&hellip;]<\/p>\n","protected":false},"author":1738,"featured_media":38660,"comment_status":"closed","ping_status":"closed","sticky":false,"template":"","format":"standard","meta":{"fifu_image_url":"","fifu_image_alt":"","footnotes":""},"categories":[53,75],"tags":[],"class_list":["post-38659","post","type-post","status-publish","format-standard","has-post-thumbnail","hentry","category-algerie","category-sport"],"_links":{"self":[{"href":"https:\/\/linitiative.ca\/International\/wp-json\/wp\/v2\/posts\/38659","targetHints":{"allow":["GET"]}}],"collection":[{"href":"https:\/\/linitiative.ca\/International\/wp-json\/wp\/v2\/posts"}],"about":[{"href":"https:\/\/linitiative.ca\/International\/wp-json\/wp\/v2\/types\/post"}],"author":[{"embeddable":true,"href":"https:\/\/linitiative.ca\/International\/wp-json\/wp\/v2\/users\/1738"}],"replies":[{"embeddable":true,"href":"https:\/\/linitiative.ca\/International\/wp-json\/wp\/v2\/comments?post=38659"}],"version-history":[{"count":0,"href":"https:\/\/linitiative.ca\/International\/wp-json\/wp\/v2\/posts\/38659\/revisions"}],"wp:featuredmedia":[{"embeddable":true,"href":"https:\/\/linitiative.ca\/International\/wp-json\/"}],"wp:attachment":[{"href":"https:\/\/linitiative.ca\/International\/wp-json\/wp\/v2\/media?parent=38659"}],"wp:term":[{"taxonomy":"category","embeddable":true,"href":"https:\/\/linitiative.ca\/International\/wp-json\/wp\/v2\/categories?post=38659"},{"taxonomy":"post_tag","embeddable":true,"href":"https:\/\/linitiative.ca\/International\/wp-json\/wp\/v2\/tags?post=38659"}],"curies":[{"name":"wp","href":"https:\/\/api.w.org\/{rel}","templated":true}]}}