{"id":38663,"date":"2019-06-04T15:14:02","date_gmt":"2019-06-04T19:14:02","guid":{"rendered":"https:\/\/linitiative.ca\/International\/pros-fenerbahce-a-fait-une-croix-sur-brahimi-et-explique-pourquoi\/"},"modified":"2019-06-04T15:14:02","modified_gmt":"2019-06-04T19:14:02","slug":"pros-fenerbahce-a-fait-une-croix-sur-brahimi-et-explique-pourquoi","status":"publish","type":"post","link":"https:\/\/linitiative.ca\/International\/pros-fenerbahce-a-fait-une-croix-sur-brahimi-et-explique-pourquoi\/","title":{"rendered":"Pros : Fenerbah\u00e7e a fait une croix sur Brahimi et explique pourquoi"},"content":{"rendered":"<div readability=\"32\">\n<p>Auteur : <span class=\"time\">mardi 04 juin 2019 12:00<\/span><\/p>\n<\/div>\n<div id=\"post_core\" readability=\"44\">\n<p>Sixi\u00e8me du championnat turc cette saison et non qualifi\u00e9 pour une Coupe d&rsquo;Europe, Fenerbah\u00e7e devrait renouveler une partie de son effectif cet \u00e9t\u00e9 afin de concurrencer les premi\u00e8res \u00e9quipes du championnat. L&rsquo;international alg\u00e9rien Yacine Brahimi a d&rsquo;ailleurs \u00e9t\u00e9 cit\u00e9 comme une potentielle recrue pour le club turc.<\/p>\n<p>Mais pour l&rsquo;ailier de Porto, la position de Fenerbah\u00e7e est plus que claire : \u00ab\u00a0On ne peut pas se le payer. Il est trop cher\u00a0\u00bb, a ainsi d\u00e9clar\u00e9 le directeur sportif du club stambouliote. Voila qui met un terme \u00e0 toutes les sp\u00e9culations.<\/p>\n<p><strong>Publi\u00e9 dans :<\/strong> <span>Fenerbah\u00e7e<\/span><\/p>\n<\/div>\n<p>Auteur:<br \/>\n<a href=\"http:\/\/www.lebuteur.com\/article\/detail?titre=fenerbahce-a-fait-une-croix-sur-brahimi-et-explique-pourquoi&#038;id=89333&#038;utm_source=feedburner&#038;utm_medium=feed&#038;utm_campaign=Feed%3A+GalerieFArtciles+%28Les+derniers+articles++-+lebuteur.com%29\">Cliquez ici pour lire l&rsquo;article depuis sa source.<\/a><\/p>\n","protected":false},"excerpt":{"rendered":"<p>Auteur : mardi 04 juin 2019 12:00 Sixi\u00e8me du championnat turc cette saison et non qualifi\u00e9 pour une Coupe d&rsquo;Europe, Fenerbah\u00e7e devrait renouveler une partie de son effectif cet \u00e9t\u00e9 afin de concurrencer les premi\u00e8res \u00e9quipes du championnat. L&rsquo;international alg\u00e9rien Yacine Brahimi a d&rsquo;ailleurs \u00e9t\u00e9 cit\u00e9 comme une potentielle recrue pour le club turc. Mais [&hellip;]<\/p>\n","protected":false},"author":1738,"featured_media":38664,"comment_status":"closed","ping_status":"closed","sticky":false,"template":"","format":"standard","meta":{"fifu_image_url":"","fifu_image_alt":"","footnotes":""},"categories":[53,75],"tags":[],"class_list":["post-38663","post","type-post","status-publish","format-standard","has-post-thumbnail","hentry","category-algerie","category-sport"],"_links":{"self":[{"href":"https:\/\/linitiative.ca\/International\/wp-json\/wp\/v2\/posts\/38663","targetHints":{"allow":["GET"]}}],"collection":[{"href":"https:\/\/linitiative.ca\/International\/wp-json\/wp\/v2\/posts"}],"about":[{"href":"https:\/\/linitiative.ca\/International\/wp-json\/wp\/v2\/types\/post"}],"author":[{"embeddable":true,"href":"https:\/\/linitiative.ca\/International\/wp-json\/wp\/v2\/users\/1738"}],"replies":[{"embeddable":true,"href":"https:\/\/linitiative.ca\/International\/wp-json\/wp\/v2\/comments?post=38663"}],"version-history":[{"count":0,"href":"https:\/\/linitiative.ca\/International\/wp-json\/wp\/v2\/posts\/38663\/revisions"}],"wp:featuredmedia":[{"embeddable":true,"href":"https:\/\/linitiative.ca\/International\/wp-json\/"}],"wp:attachment":[{"href":"https:\/\/linitiative.ca\/International\/wp-json\/wp\/v2\/media?parent=38663"}],"wp:term":[{"taxonomy":"category","embeddable":true,"href":"https:\/\/linitiative.ca\/International\/wp-json\/wp\/v2\/categories?post=38663"},{"taxonomy":"post_tag","embeddable":true,"href":"https:\/\/linitiative.ca\/International\/wp-json\/wp\/v2\/tags?post=38663"}],"curies":[{"name":"wp","href":"https:\/\/api.w.org\/{rel}","templated":true}]}}