{"id":38665,"date":"2019-06-04T15:14:03","date_gmt":"2019-06-04T19:14:03","guid":{"rendered":"https:\/\/linitiative.ca\/International\/afrique-caf-ahmad-ahmad-le-president-de-lesperance-de-tunis-ma-menace-devant-des-temoins\/"},"modified":"2019-06-04T15:14:03","modified_gmt":"2019-06-04T19:14:03","slug":"afrique-caf-ahmad-ahmad-le-president-de-lesperance-de-tunis-ma-menace-devant-des-temoins","status":"publish","type":"post","link":"https:\/\/linitiative.ca\/International\/afrique-caf-ahmad-ahmad-le-president-de-lesperance-de-tunis-ma-menace-devant-des-temoins\/","title":{"rendered":"Afrique : CAF &#8211; Ahmad Ahmad : \u00ab\u00a0Le pr\u00e9sident de l&rsquo;Esp\u00e9rance de Tunis m&rsquo;a menac\u00e9 devant des t\u00e9moins\u00a0\u00bb"},"content":{"rendered":"<div readability=\"32\">\n<p>Auteur : <span class=\"time\">mardi 04 juin 2019 12:30<\/span><\/p>\n<\/div>\n<div id=\"post_core\" readability=\"49\">\n<p>L&rsquo;absence d&rsquo;arbitrage vid\u00e9o lors de cette rencontre, qui a notamment p\u00e9nalis\u00e9 la formation marocaine qui a refus\u00e9 de jouer pendant une heure et demi, a provoqu\u00e9 de nombreuses critiques envers Ahmad Ahmad, le pr\u00e9sident de la CAF.<\/p>\n<p>Le principal dirigeant du football africain est sorti de son silence. Dans l&rsquo;\u00e9mission \u00ab\u00a0Stad&rsquo;Afric\u00a0\u00bb, il est revenu sur les incidents de vendredi soir. Il estime notamment avoir \u00e9t\u00e9 menac\u00e9 par des dirigeants tunisiens : \u00ab\u00a0Le pr\u00e9sident de l&rsquo;Esp\u00e9rance de Tunis m&rsquo;a menac\u00e9 devant des t\u00e9moins. Des grands pr\u00e9sidents de club en Afrique condamnent les pratiques de ce club, mais nous n&rsquo;avons pas de preuves. Pourquoi la VAR marche partout mais pas \u00e0 Tunis ?\u00a0\u00bb Des propos relay\u00e9s par Goal.<\/p>\n<p>Une r\u00e9union en urgence du bureau ex\u00e9cutif de la CAF se tient ce mardi \u00e0 Paris pour les mesures \u00e0 prendre suite \u00e0 ce match qui a terni l&rsquo;image du football africain. D&rsquo;apr\u00e8s le journaliste \u00e9gyptien Ahmed Shoubair, la finale retour pourrait \u00eatre rejou\u00e9e.<\/p>\n<p><strong>Publi\u00e9 dans :<\/strong> <span>caf<\/span><\/p>\n<\/div>\n<p>Auteur:<br \/>\n<a href=\"http:\/\/www.lebuteur.com\/article\/detail?titre=caf-ahmad-ahmad-le-president-de-lesperance-de-tunis-ma-menace-devant-des-temoins&#038;id=89335&#038;utm_source=feedburner&#038;utm_medium=feed&#038;utm_campaign=Feed%3A+GalerieFArtciles+%28Les+derniers+articles++-+lebuteur.com%29\">Cliquez ici pour lire l&rsquo;article depuis sa source.<\/a><\/p>\n","protected":false},"excerpt":{"rendered":"<p>Auteur : mardi 04 juin 2019 12:30 L&rsquo;absence d&rsquo;arbitrage vid\u00e9o lors de cette rencontre, qui a notamment p\u00e9nalis\u00e9 la formation marocaine qui a refus\u00e9 de jouer pendant une heure et demi, a provoqu\u00e9 de nombreuses critiques envers Ahmad Ahmad, le pr\u00e9sident de la CAF. Le principal dirigeant du football africain est sorti de son silence. [&hellip;]<\/p>\n","protected":false},"author":1738,"featured_media":38666,"comment_status":"closed","ping_status":"closed","sticky":false,"template":"","format":"standard","meta":{"fifu_image_url":"","fifu_image_alt":"","footnotes":""},"categories":[53,75],"tags":[],"class_list":["post-38665","post","type-post","status-publish","format-standard","has-post-thumbnail","hentry","category-algerie","category-sport"],"_links":{"self":[{"href":"https:\/\/linitiative.ca\/International\/wp-json\/wp\/v2\/posts\/38665","targetHints":{"allow":["GET"]}}],"collection":[{"href":"https:\/\/linitiative.ca\/International\/wp-json\/wp\/v2\/posts"}],"about":[{"href":"https:\/\/linitiative.ca\/International\/wp-json\/wp\/v2\/types\/post"}],"author":[{"embeddable":true,"href":"https:\/\/linitiative.ca\/International\/wp-json\/wp\/v2\/users\/1738"}],"replies":[{"embeddable":true,"href":"https:\/\/linitiative.ca\/International\/wp-json\/wp\/v2\/comments?post=38665"}],"version-history":[{"count":0,"href":"https:\/\/linitiative.ca\/International\/wp-json\/wp\/v2\/posts\/38665\/revisions"}],"wp:featuredmedia":[{"embeddable":true,"href":"https:\/\/linitiative.ca\/International\/wp-json\/"}],"wp:attachment":[{"href":"https:\/\/linitiative.ca\/International\/wp-json\/wp\/v2\/media?parent=38665"}],"wp:term":[{"taxonomy":"category","embeddable":true,"href":"https:\/\/linitiative.ca\/International\/wp-json\/wp\/v2\/categories?post=38665"},{"taxonomy":"post_tag","embeddable":true,"href":"https:\/\/linitiative.ca\/International\/wp-json\/wp\/v2\/tags?post=38665"}],"curies":[{"name":"wp","href":"https:\/\/api.w.org\/{rel}","templated":true}]}}