{"id":38669,"date":"2019-06-04T15:14:06","date_gmt":"2019-06-04T19:14:06","guid":{"rendered":"https:\/\/linitiative.ca\/International\/pros-orleans-antar-yahia-confirme-la-prolongation-de-contrat-de-karim-ziani\/"},"modified":"2019-06-04T15:14:06","modified_gmt":"2019-06-04T19:14:06","slug":"pros-orleans-antar-yahia-confirme-la-prolongation-de-contrat-de-karim-ziani","status":"publish","type":"post","link":"https:\/\/linitiative.ca\/International\/pros-orleans-antar-yahia-confirme-la-prolongation-de-contrat-de-karim-ziani\/","title":{"rendered":"Pros : Orl\u00e9ans : Antar Yahia confirme la prolongation de contrat de Karim Ziani"},"content":{"rendered":"<div readability=\"32\">\n<p>Auteur : <span class=\"time\">mardi 04 juin 2019 13:00<\/span><\/p>\n<\/div>\n<div id=\"post_core\" readability=\"39\">\n<p>Karim Ziani (36 ans) a prolong\u00e9 son contrat avec l&rsquo;US Orl\u00e9ans, comme le confie le directeur sportif Anthar Yahia \u00e0 La R\u00e9publique du Centre :<\/p>\n<p>\u00ab\u00a0Pierre (Bouby) et Karim (Ziani) ont jou\u00e9 23 et 24 matches la saison derni\u00e8re. M\u00eame s\u2019ils ont termin\u00e9 la saison en \u00e9tant bless\u00e9s, il \u00e9tait pr\u00e9matur\u00e9 de mettre un terme \u00e0 leur carri\u00e8re.\u00a0\u00bb Des propos relay\u00e9s par Maligue2.fr<\/p>\n<p><strong>Publi\u00e9 dans :<\/strong> <span>Ziani<\/span><\/p>\n<\/div>\n<p>Auteur:<br \/>\n<a href=\"http:\/\/www.lebuteur.com\/article\/detail?titre=orleans-antar-yahia-confirme-la-prolongation-de-contrat-de-karim-ziani&#038;id=89336&#038;utm_source=feedburner&#038;utm_medium=feed&#038;utm_campaign=Feed%3A+GalerieFArtciles+%28Les+derniers+articles++-+lebuteur.com%29\">Cliquez ici pour lire l&rsquo;article depuis sa source.<\/a><\/p>\n","protected":false},"excerpt":{"rendered":"<p>Auteur : mardi 04 juin 2019 13:00 Karim Ziani (36 ans) a prolong\u00e9 son contrat avec l&rsquo;US Orl\u00e9ans, comme le confie le directeur sportif Anthar Yahia \u00e0 La R\u00e9publique du Centre : \u00ab\u00a0Pierre (Bouby) et Karim (Ziani) ont jou\u00e9 23 et 24 matches la saison derni\u00e8re. M\u00eame s\u2019ils ont termin\u00e9 la saison en \u00e9tant bless\u00e9s, [&hellip;]<\/p>\n","protected":false},"author":1738,"featured_media":38670,"comment_status":"closed","ping_status":"closed","sticky":false,"template":"","format":"standard","meta":{"fifu_image_url":"","fifu_image_alt":"","footnotes":""},"categories":[53,75],"tags":[],"class_list":["post-38669","post","type-post","status-publish","format-standard","has-post-thumbnail","hentry","category-algerie","category-sport"],"_links":{"self":[{"href":"https:\/\/linitiative.ca\/International\/wp-json\/wp\/v2\/posts\/38669","targetHints":{"allow":["GET"]}}],"collection":[{"href":"https:\/\/linitiative.ca\/International\/wp-json\/wp\/v2\/posts"}],"about":[{"href":"https:\/\/linitiative.ca\/International\/wp-json\/wp\/v2\/types\/post"}],"author":[{"embeddable":true,"href":"https:\/\/linitiative.ca\/International\/wp-json\/wp\/v2\/users\/1738"}],"replies":[{"embeddable":true,"href":"https:\/\/linitiative.ca\/International\/wp-json\/wp\/v2\/comments?post=38669"}],"version-history":[{"count":0,"href":"https:\/\/linitiative.ca\/International\/wp-json\/wp\/v2\/posts\/38669\/revisions"}],"wp:featuredmedia":[{"embeddable":true,"href":"https:\/\/linitiative.ca\/International\/wp-json\/"}],"wp:attachment":[{"href":"https:\/\/linitiative.ca\/International\/wp-json\/wp\/v2\/media?parent=38669"}],"wp:term":[{"taxonomy":"category","embeddable":true,"href":"https:\/\/linitiative.ca\/International\/wp-json\/wp\/v2\/categories?post=38669"},{"taxonomy":"post_tag","embeddable":true,"href":"https:\/\/linitiative.ca\/International\/wp-json\/wp\/v2\/tags?post=38669"}],"curies":[{"name":"wp","href":"https:\/\/api.w.org\/{rel}","templated":true}]}}