{"id":38671,"date":"2019-06-04T15:14:08","date_gmt":"2019-06-04T19:14:08","guid":{"rendered":"https:\/\/linitiative.ca\/International\/international-stoke-city-imbula-propose-en-serie-a\/"},"modified":"2019-06-04T15:14:08","modified_gmt":"2019-06-04T19:14:08","slug":"international-stoke-city-imbula-propose-en-serie-a","status":"publish","type":"post","link":"https:\/\/linitiative.ca\/International\/international-stoke-city-imbula-propose-en-serie-a\/","title":{"rendered":"International : Stoke City: Imbula propos\u00e9 en Serie A"},"content":{"rendered":"<div readability=\"32\">\n<p>Auteur : <span class=\"time\">mardi 04 juin 2019 14:15<\/span><\/p>\n<\/div>\n<div id=\"post_core\" readability=\"46\">\n<p>Que ce soit au FC Porto ou \u00e0 Stoke City, sans oublier ses pr\u00eats r\u00e9cents au Toulouse Football Club et au Rayo Vallecano, le milieu de terrain de 26 ans r\u00e9v\u00e9l\u00e9 \u00e0 l&rsquo;En Avant de Guingamp n&rsquo;a pas donn\u00e9 satisfaction.<\/p>\n<p>Encore sous contrat avec les Potters jusqu&rsquo;en juin 2021, l&rsquo;int\u00e9ress\u00e9 se retrouve \u00e9videmment sur la liste des transferts, et d&rsquo;apr\u00e8s les informations de la Gazzetta dello Sport et Football, il aurait \u00e9t\u00e9 propos\u00e9 \u00e0 Bologne, qui a termin\u00e9 l&rsquo;exercice 2018-2019 au 10e rang de Serie A.<\/p>\n<p><strong>Publi\u00e9 dans :<\/strong> <span>S\u00e9rie A<\/span> <span>stoke city<\/span> <span>Imbula<\/span><\/p>\n<\/div>\n<p>Auteur:<br \/>\n<a href=\"http:\/\/www.lebuteur.com\/article\/detail?titre=stoke-city-imbula-propose-en-serie-a&#038;id=89338&#038;utm_source=feedburner&#038;utm_medium=feed&#038;utm_campaign=Feed%3A+GalerieFArtciles+%28Les+derniers+articles++-+lebuteur.com%29\">Cliquez ici pour lire l&rsquo;article depuis sa source.<\/a><\/p>\n","protected":false},"excerpt":{"rendered":"<p>Auteur : mardi 04 juin 2019 14:15 Que ce soit au FC Porto ou \u00e0 Stoke City, sans oublier ses pr\u00eats r\u00e9cents au Toulouse Football Club et au Rayo Vallecano, le milieu de terrain de 26 ans r\u00e9v\u00e9l\u00e9 \u00e0 l&rsquo;En Avant de Guingamp n&rsquo;a pas donn\u00e9 satisfaction. Encore sous contrat avec les Potters jusqu&rsquo;en juin [&hellip;]<\/p>\n","protected":false},"author":1738,"featured_media":38672,"comment_status":"closed","ping_status":"closed","sticky":false,"template":"","format":"standard","meta":{"fifu_image_url":"","fifu_image_alt":"","footnotes":""},"categories":[53,75],"tags":[],"class_list":["post-38671","post","type-post","status-publish","format-standard","has-post-thumbnail","hentry","category-algerie","category-sport"],"_links":{"self":[{"href":"https:\/\/linitiative.ca\/International\/wp-json\/wp\/v2\/posts\/38671","targetHints":{"allow":["GET"]}}],"collection":[{"href":"https:\/\/linitiative.ca\/International\/wp-json\/wp\/v2\/posts"}],"about":[{"href":"https:\/\/linitiative.ca\/International\/wp-json\/wp\/v2\/types\/post"}],"author":[{"embeddable":true,"href":"https:\/\/linitiative.ca\/International\/wp-json\/wp\/v2\/users\/1738"}],"replies":[{"embeddable":true,"href":"https:\/\/linitiative.ca\/International\/wp-json\/wp\/v2\/comments?post=38671"}],"version-history":[{"count":0,"href":"https:\/\/linitiative.ca\/International\/wp-json\/wp\/v2\/posts\/38671\/revisions"}],"wp:featuredmedia":[{"embeddable":true,"href":"https:\/\/linitiative.ca\/International\/wp-json\/"}],"wp:attachment":[{"href":"https:\/\/linitiative.ca\/International\/wp-json\/wp\/v2\/media?parent=38671"}],"wp:term":[{"taxonomy":"category","embeddable":true,"href":"https:\/\/linitiative.ca\/International\/wp-json\/wp\/v2\/categories?post=38671"},{"taxonomy":"post_tag","embeddable":true,"href":"https:\/\/linitiative.ca\/International\/wp-json\/wp\/v2\/tags?post=38671"}],"curies":[{"name":"wp","href":"https:\/\/api.w.org\/{rel}","templated":true}]}}